{"id":495,"date":"2021-09-24T08:59:50","date_gmt":"2021-09-24T06:59:50","guid":{"rendered":"https:\/\/alumni.lerbermatt.ch\/?p=495"},"modified":"2021-10-17T11:20:10","modified_gmt":"2021-10-17T09:20:10","slug":"mitgliederfeier-2021","status":"publish","type":"post","link":"https:\/\/alumni.lerbermatt.ch\/?p=495","title":{"rendered":"Mitgliederversammlung 2021"},"content":{"rendered":"\n<p>Anl\u00e4sslich der Mitgliederversammlung am 23. September war endlich die Gelegenheit f\u00fcr ein physisches Zusammenkommen gegeben, nachdem sowohl das Theater, als auch die Teilnahme der Alumni an den Diplomfeiern coronabedingt nicht stattfinden konnten. Unsere Kassierin Nora, die ihr Amt auf diese Versammlung niederlegt, hat ihre letzte Jahresrechnung pr\u00e4sentiert. Wir danken Nora herzlich f\u00fcr ihr grosses Engagement und ihre Verl\u00e4sslichkeit w\u00e4hrend der letzten Jahre. Ein Dank gilt auch den Vorstandsmitgliedern, welche alle zum Salat- und Dessertbuffet beigetragen haben sowies nat\u00fcrlich unseren Mitgliedern f\u00fcr ihr Kommen und die anregenden Gespr\u00e4che. Es hat Spass gemacht!<\/p>\n\n\n\n\n\n<figure class=\"wp-block-gallery columns-2 is-cropped wp-block-gallery-1 is-layout-flex wp-block-gallery-is-layout-flex\"><ul class=\"blocks-gallery-grid\"><li class=\"blocks-gallery-item\"><figure><a href=\"https:\/\/alumni.lerbermatt.ch\/wp-content\/uploads\/2021\/09\/Nora.jpg\"><img loading=\"lazy\" decoding=\"async\" width=\"1024\" height=\"682\" src=\"https:\/\/alumni.lerbermatt.ch\/wp-content\/uploads\/2021\/09\/Nora-1024x682.jpg\" alt=\"Die Kassierin Nora stellt zum letzten Mal die Rechnung vor\" data-id=\"494\" data-full-url=\"https:\/\/alumni.lerbermatt.ch\/wp-content\/uploads\/2021\/09\/Nora.jpg\" data-link=\"https:\/\/alumni.lerbermatt.ch\/?attachment_id=494\" class=\"wp-image-494\" srcset=\"https:\/\/alumni.lerbermatt.ch\/wp-content\/uploads\/2021\/09\/Nora-1024x682.jpg 1024w, https:\/\/alumni.lerbermatt.ch\/wp-content\/uploads\/2021\/09\/Nora-300x200.jpg 300w, https:\/\/alumni.lerbermatt.ch\/wp-content\/uploads\/2021\/09\/Nora-768x512.jpg 768w, https:\/\/alumni.lerbermatt.ch\/wp-content\/uploads\/2021\/09\/Nora-1200x800.jpg 1200w, https:\/\/alumni.lerbermatt.ch\/wp-content\/uploads\/2021\/09\/Nora.jpg 1280w\" sizes=\"(max-width: 1024px) 100vw, 1024px\" \/><\/a><figcaption class=\"blocks-gallery-item__caption\">Nora pr\u00e4sentiert das letzte Mal die Jahresrechnung und das Budget. Vielen Dank!<\/figcaption><\/figure><\/li><li class=\"blocks-gallery-item\"><figure><a href=\"https:\/\/alumni.lerbermatt.ch\/wp-content\/uploads\/2021\/09\/Essen.jpg\"><img loading=\"lazy\" decoding=\"async\" width=\"682\" height=\"1024\" src=\"https:\/\/alumni.lerbermatt.ch\/wp-content\/uploads\/2021\/09\/Essen-682x1024.jpg\" alt=\"Gemeinsames Abendessen\" data-id=\"493\" data-full-url=\"https:\/\/alumni.lerbermatt.ch\/wp-content\/uploads\/2021\/09\/Essen.jpg\" data-link=\"https:\/\/alumni.lerbermatt.ch\/?attachment_id=493\" class=\"wp-image-493\" srcset=\"https:\/\/alumni.lerbermatt.ch\/wp-content\/uploads\/2021\/09\/Essen-682x1024.jpg 682w, https:\/\/alumni.lerbermatt.ch\/wp-content\/uploads\/2021\/09\/Essen-200x300.jpg 200w, https:\/\/alumni.lerbermatt.ch\/wp-content\/uploads\/2021\/09\/Essen-768x1152.jpg 768w, https:\/\/alumni.lerbermatt.ch\/wp-content\/uploads\/2021\/09\/Essen.jpg 853w\" sizes=\"(max-width: 682px) 100vw, 682px\" \/><\/a><figcaption class=\"blocks-gallery-item__caption\">Gemeinsames Abendessen im Anschluss.<\/figcaption><\/figure><\/li><\/ul><\/figure>\n","protected":false},"excerpt":{"rendered":"<p>Anl\u00e4sslich der Mitgliederversammlung am 23. September war endlich die Gelegenheit f\u00fcr ein physisches Zusammenkommen gegeben, nachdem sowohl das Theater, als auch die Teilnahme der Alumni an den Diplomfeiern coronabedingt nicht stattfinden konnten. Unsere Kassierin Nora, die ihr Amt auf diese Versammlung niederlegt, hat ihre letzte Jahresrechnung pr\u00e4sentiert. Wir danken Nora herzlich f\u00fcr ihr grosses Engagement [&hellip;]<\/p>\n","protected":false},"author":1,"featured_media":0,"comment_status":"open","ping_status":"open","sticky":false,"template":"","format":"standard","meta":{"footnotes":""},"categories":[1],"tags":[],"_links":{"self":[{"href":"https:\/\/alumni.lerbermatt.ch\/index.php?rest_route=\/wp\/v2\/posts\/495"}],"collection":[{"href":"https:\/\/alumni.lerbermatt.ch\/index.php?rest_route=\/wp\/v2\/posts"}],"about":[{"href":"https:\/\/alumni.lerbermatt.ch\/index.php?rest_route=\/wp\/v2\/types\/post"}],"author":[{"embeddable":true,"href":"https:\/\/alumni.lerbermatt.ch\/index.php?rest_route=\/wp\/v2\/users\/1"}],"replies":[{"embeddable":true,"href":"https:\/\/alumni.lerbermatt.ch\/index.php?rest_route=%2Fwp%2Fv2%2Fcomments&post=495"}],"version-history":[{"count":2,"href":"https:\/\/alumni.lerbermatt.ch\/index.php?rest_route=\/wp\/v2\/posts\/495\/revisions"}],"predecessor-version":[{"id":498,"href":"https:\/\/alumni.lerbermatt.ch\/index.php?rest_route=\/wp\/v2\/posts\/495\/revisions\/498"}],"wp:attachment":[{"href":"https:\/\/alumni.lerbermatt.ch\/index.php?rest_route=%2Fwp%2Fv2%2Fmedia&parent=495"}],"wp:term":[{"taxonomy":"category","embeddable":true,"href":"https:\/\/alumni.lerbermatt.ch\/index.php?rest_route=%2Fwp%2Fv2%2Fcategories&post=495"},{"taxonomy":"post_tag","embeddable":true,"href":"https:\/\/alumni.lerbermatt.ch\/index.php?rest_route=%2Fwp%2Fv2%2Ftags&post=495"}],"curies":[{"name":"wp","href":"https:\/\/api.w.org\/{rel}","templated":true}]}}