{"id":393,"date":"2020-09-20T20:09:11","date_gmt":"2020-09-20T18:09:11","guid":{"rendered":"https:\/\/alumni.lerbermatt.ch\/?p=393"},"modified":"2020-09-21T07:37:42","modified_gmt":"2020-09-21T05:37:42","slug":"mitgliederversammlung-2020","status":"publish","type":"post","link":"https:\/\/alumni.lerbermatt.ch\/?p=393","title":{"rendered":"Mitgliederversammlung 2020"},"content":{"rendered":"\n<p>Trotz COVID-19 fand am 18. September 2020 die Mitgliederversammlung live an der Lerbermatt statt. Die Mitglieder genehmigten den Vorschlag des Vorstands per Statuten\u00e4nderung auch die FMS in den Verein einzubinden und so heisst der Verein neu &#8222;Alumni Lerbermatt&#8220;. Ausserdem wurden drei neue Vorstandsmitglieder gew\u00e4hlt: Anika Jacobi, Arno Rothenb\u00fchler und Elli L\u00f6rtscher. Der Vorstand heisst seine neuen Mitglieder herzlich willkommen! Anschliessend gab es bei gem\u00fctlichem Austausch Grilladen und Salate. Danke f\u00fcr euer Kommen und die anregenden Ideen!<\/p>\n\n\n\n<figure class=\"wp-block-image size-large wp-duotone-duotone-2\"><img loading=\"lazy\" decoding=\"async\" width=\"1024\" height=\"683\" src=\"https:\/\/alumni.lerbermatt.ch\/wp-content\/uploads\/2020\/09\/IMG_2039-verkleinert-1024x683.jpg\" alt=\"\" class=\"wp-image-389\" srcset=\"https:\/\/alumni.lerbermatt.ch\/wp-content\/uploads\/2020\/09\/IMG_2039-verkleinert-1024x683.jpg 1024w, https:\/\/alumni.lerbermatt.ch\/wp-content\/uploads\/2020\/09\/IMG_2039-verkleinert-300x200.jpg 300w, https:\/\/alumni.lerbermatt.ch\/wp-content\/uploads\/2020\/09\/IMG_2039-verkleinert-768x512.jpg 768w, https:\/\/alumni.lerbermatt.ch\/wp-content\/uploads\/2020\/09\/IMG_2039-verkleinert-1536x1024.jpg 1536w, https:\/\/alumni.lerbermatt.ch\/wp-content\/uploads\/2020\/09\/IMG_2039-verkleinert-100x67.jpg 100w, https:\/\/alumni.lerbermatt.ch\/wp-content\/uploads\/2020\/09\/IMG_2039-verkleinert-150x100.jpg 150w, https:\/\/alumni.lerbermatt.ch\/wp-content\/uploads\/2020\/09\/IMG_2039-verkleinert-200x133.jpg 200w, https:\/\/alumni.lerbermatt.ch\/wp-content\/uploads\/2020\/09\/IMG_2039-verkleinert-450x300.jpg 450w, https:\/\/alumni.lerbermatt.ch\/wp-content\/uploads\/2020\/09\/IMG_2039-verkleinert-600x400.jpg 600w, https:\/\/alumni.lerbermatt.ch\/wp-content\/uploads\/2020\/09\/IMG_2039-verkleinert-900x600.jpg 900w, https:\/\/alumni.lerbermatt.ch\/wp-content\/uploads\/2020\/09\/IMG_2039-verkleinert.jpg 1920w\" sizes=\"(max-width: 1024px) 100vw, 1024px\" \/><\/figure>\n\n\n\n<figure class=\"wp-block-image size-large wp-duotone-duotone-2\"><img loading=\"lazy\" decoding=\"async\" width=\"1024\" height=\"683\" src=\"https:\/\/alumni.lerbermatt.ch\/wp-content\/uploads\/2020\/09\/IMG_2041-verkleinert-1024x683.jpg\" alt=\"\" class=\"wp-image-390\" srcset=\"https:\/\/alumni.lerbermatt.ch\/wp-content\/uploads\/2020\/09\/IMG_2041-verkleinert-1024x683.jpg 1024w, https:\/\/alumni.lerbermatt.ch\/wp-content\/uploads\/2020\/09\/IMG_2041-verkleinert-300x200.jpg 300w, https:\/\/alumni.lerbermatt.ch\/wp-content\/uploads\/2020\/09\/IMG_2041-verkleinert-768x512.jpg 768w, https:\/\/alumni.lerbermatt.ch\/wp-content\/uploads\/2020\/09\/IMG_2041-verkleinert-1536x1024.jpg 1536w, https:\/\/alumni.lerbermatt.ch\/wp-content\/uploads\/2020\/09\/IMG_2041-verkleinert-100x67.jpg 100w, https:\/\/alumni.lerbermatt.ch\/wp-content\/uploads\/2020\/09\/IMG_2041-verkleinert-150x100.jpg 150w, https:\/\/alumni.lerbermatt.ch\/wp-content\/uploads\/2020\/09\/IMG_2041-verkleinert-200x133.jpg 200w, https:\/\/alumni.lerbermatt.ch\/wp-content\/uploads\/2020\/09\/IMG_2041-verkleinert-450x300.jpg 450w, https:\/\/alumni.lerbermatt.ch\/wp-content\/uploads\/2020\/09\/IMG_2041-verkleinert-600x400.jpg 600w, https:\/\/alumni.lerbermatt.ch\/wp-content\/uploads\/2020\/09\/IMG_2041-verkleinert-900x600.jpg 900w, https:\/\/alumni.lerbermatt.ch\/wp-content\/uploads\/2020\/09\/IMG_2041-verkleinert.jpg 1920w\" sizes=\"(max-width: 1024px) 100vw, 1024px\" \/><\/figure>\n\n\n\n<figure class=\"wp-block-image size-large wp-duotone-duotone-2\"><img loading=\"lazy\" decoding=\"async\" width=\"1024\" height=\"683\" src=\"https:\/\/alumni.lerbermatt.ch\/wp-content\/uploads\/2020\/09\/IMG_2047-verkleinert-1024x683.jpg\" alt=\"\" class=\"wp-image-391\" srcset=\"https:\/\/alumni.lerbermatt.ch\/wp-content\/uploads\/2020\/09\/IMG_2047-verkleinert-1024x683.jpg 1024w, https:\/\/alumni.lerbermatt.ch\/wp-content\/uploads\/2020\/09\/IMG_2047-verkleinert-300x200.jpg 300w, https:\/\/alumni.lerbermatt.ch\/wp-content\/uploads\/2020\/09\/IMG_2047-verkleinert-768x512.jpg 768w, https:\/\/alumni.lerbermatt.ch\/wp-content\/uploads\/2020\/09\/IMG_2047-verkleinert-1536x1024.jpg 1536w, https:\/\/alumni.lerbermatt.ch\/wp-content\/uploads\/2020\/09\/IMG_2047-verkleinert-100x67.jpg 100w, https:\/\/alumni.lerbermatt.ch\/wp-content\/uploads\/2020\/09\/IMG_2047-verkleinert-150x100.jpg 150w, https:\/\/alumni.lerbermatt.ch\/wp-content\/uploads\/2020\/09\/IMG_2047-verkleinert-200x133.jpg 200w, https:\/\/alumni.lerbermatt.ch\/wp-content\/uploads\/2020\/09\/IMG_2047-verkleinert-450x300.jpg 450w, https:\/\/alumni.lerbermatt.ch\/wp-content\/uploads\/2020\/09\/IMG_2047-verkleinert-600x400.jpg 600w, https:\/\/alumni.lerbermatt.ch\/wp-content\/uploads\/2020\/09\/IMG_2047-verkleinert-900x600.jpg 900w, https:\/\/alumni.lerbermatt.ch\/wp-content\/uploads\/2020\/09\/IMG_2047-verkleinert.jpg 1920w\" sizes=\"(max-width: 1024px) 100vw, 1024px\" \/><\/figure>\n\n\n\n<figure class=\"wp-block-image size-large wp-duotone-duotone-2\"><img loading=\"lazy\" decoding=\"async\" width=\"1024\" height=\"683\" src=\"https:\/\/alumni.lerbermatt.ch\/wp-content\/uploads\/2020\/09\/IMG_2052-verkleinert-1024x683.jpg\" alt=\"\" class=\"wp-image-392\" srcset=\"https:\/\/alumni.lerbermatt.ch\/wp-content\/uploads\/2020\/09\/IMG_2052-verkleinert-1024x683.jpg 1024w, https:\/\/alumni.lerbermatt.ch\/wp-content\/uploads\/2020\/09\/IMG_2052-verkleinert-300x200.jpg 300w, https:\/\/alumni.lerbermatt.ch\/wp-content\/uploads\/2020\/09\/IMG_2052-verkleinert-768x512.jpg 768w, https:\/\/alumni.lerbermatt.ch\/wp-content\/uploads\/2020\/09\/IMG_2052-verkleinert-1536x1024.jpg 1536w, https:\/\/alumni.lerbermatt.ch\/wp-content\/uploads\/2020\/09\/IMG_2052-verkleinert-100x67.jpg 100w, https:\/\/alumni.lerbermatt.ch\/wp-content\/uploads\/2020\/09\/IMG_2052-verkleinert-150x100.jpg 150w, https:\/\/alumni.lerbermatt.ch\/wp-content\/uploads\/2020\/09\/IMG_2052-verkleinert-200x133.jpg 200w, https:\/\/alumni.lerbermatt.ch\/wp-content\/uploads\/2020\/09\/IMG_2052-verkleinert-450x300.jpg 450w, https:\/\/alumni.lerbermatt.ch\/wp-content\/uploads\/2020\/09\/IMG_2052-verkleinert-600x400.jpg 600w, https:\/\/alumni.lerbermatt.ch\/wp-content\/uploads\/2020\/09\/IMG_2052-verkleinert-900x600.jpg 900w, https:\/\/alumni.lerbermatt.ch\/wp-content\/uploads\/2020\/09\/IMG_2052-verkleinert.jpg 1920w\" sizes=\"(max-width: 1024px) 100vw, 1024px\" \/><\/figure>\n","protected":false},"excerpt":{"rendered":"<p>Trotz COVID-19 fand am 18. September 2020 die Mitgliederversammlung live an der Lerbermatt statt. Die Mitglieder genehmigten den Vorschlag des Vorstands per Statuten\u00e4nderung auch die FMS in den Verein einzubinden und so heisst der Verein neu &#8222;Alumni Lerbermatt&#8220;. Ausserdem wurden drei neue Vorstandsmitglieder gew\u00e4hlt: Anika Jacobi, Arno Rothenb\u00fchler und Elli L\u00f6rtscher. Der Vorstand heisst seine [&hellip;]<\/p>\n","protected":false},"author":1,"featured_media":0,"comment_status":"open","ping_status":"open","sticky":false,"template":"","format":"standard","meta":{"footnotes":""},"categories":[1],"tags":[],"_links":{"self":[{"href":"https:\/\/alumni.lerbermatt.ch\/index.php?rest_route=\/wp\/v2\/posts\/393"}],"collection":[{"href":"https:\/\/alumni.lerbermatt.ch\/index.php?rest_route=\/wp\/v2\/posts"}],"about":[{"href":"https:\/\/alumni.lerbermatt.ch\/index.php?rest_route=\/wp\/v2\/types\/post"}],"author":[{"embeddable":true,"href":"https:\/\/alumni.lerbermatt.ch\/index.php?rest_route=\/wp\/v2\/users\/1"}],"replies":[{"embeddable":true,"href":"https:\/\/alumni.lerbermatt.ch\/index.php?rest_route=%2Fwp%2Fv2%2Fcomments&post=393"}],"version-history":[{"count":4,"href":"https:\/\/alumni.lerbermatt.ch\/index.php?rest_route=\/wp\/v2\/posts\/393\/revisions"}],"predecessor-version":[{"id":463,"href":"https:\/\/alumni.lerbermatt.ch\/index.php?rest_route=\/wp\/v2\/posts\/393\/revisions\/463"}],"wp:attachment":[{"href":"https:\/\/alumni.lerbermatt.ch\/index.php?rest_route=%2Fwp%2Fv2%2Fmedia&parent=393"}],"wp:term":[{"taxonomy":"category","embeddable":true,"href":"https:\/\/alumni.lerbermatt.ch\/index.php?rest_route=%2Fwp%2Fv2%2Fcategories&post=393"},{"taxonomy":"post_tag","embeddable":true,"href":"https:\/\/alumni.lerbermatt.ch\/index.php?rest_route=%2Fwp%2Fv2%2Ftags&post=393"}],"curies":[{"name":"wp","href":"https:\/\/api.w.org\/{rel}","templated":true}]}}