{"id":384,"date":"2020-06-28T22:36:06","date_gmt":"2020-06-28T20:36:06","guid":{"rendered":"https:\/\/alumni.lerbermatt.ch\/?p=384"},"modified":"2020-06-28T22:36:06","modified_gmt":"2020-06-28T20:36:06","slug":"matur-und-fms-abschlussfeier-2020","status":"publish","type":"post","link":"https:\/\/alumni.lerbermatt.ch\/?p=384","title":{"rendered":"Matur- und FMS-Abschlussfeier 2020"},"content":{"rendered":"<p>Der Alumni-Verein gratuliert den Sch\u00fclerinnen und Sch\u00fclern des Abschlussjahrgangs 2020 herzlich zum erreichten Meilenstein! Wie das gesamte Fr\u00fchlingssemester musste auch die diesj\u00e4hrige Feier mit mehr Abstand &#8211; aber in gewohnter Atmosph\u00e4re der N\u00e4he und Verbundenheit &#8211; \u00fcber die B\u00fchne. Wir waren erfreut, dass der Anlass stattfinden konnte und wir live gratulieren durften. Alles Gute!<\/p>\n<p>Der diesj\u00e4hrige Alumni-Preis ging an Lisa Schneider aus der Klasse 20d. Lisa hat sich in der Sch\u00fclerorganisation, der Arbeitsgruppe Bildung f\u00fcr nachhaltige Entwicklung, im MINT-Bereich, in ihrer Klasse und in anderen Projekten stark engagiert und ehrenamtlich viele wichtige Beitr\u00e4ge geleistet. So hat sie auch unter den schwierigen Bedingungen des COVID-Lockdowns viel dazu beigetragen, dass auch dieses Jahr eine Maturzeitung gedruckt werden konnte. Herzliche Gratulation!<\/p>\n<p><a href=\"https:\/\/alumni.lerbermatt.ch\/wp-content\/uploads\/2020\/06\/IMG_2026_bearbeitet-scaled.jpg\"><img loading=\"lazy\" decoding=\"async\" class=\"alignleft wp-image-383 size-large\" src=\"https:\/\/alumni.lerbermatt.ch\/wp-content\/uploads\/2020\/06\/IMG_2026_bearbeitet-1024x686.jpg\" alt=\"\" width=\"605\" height=\"405\" srcset=\"https:\/\/alumni.lerbermatt.ch\/wp-content\/uploads\/2020\/06\/IMG_2026_bearbeitet-1024x686.jpg 1024w, https:\/\/alumni.lerbermatt.ch\/wp-content\/uploads\/2020\/06\/IMG_2026_bearbeitet-300x201.jpg 300w, https:\/\/alumni.lerbermatt.ch\/wp-content\/uploads\/2020\/06\/IMG_2026_bearbeitet-768x514.jpg 768w, https:\/\/alumni.lerbermatt.ch\/wp-content\/uploads\/2020\/06\/IMG_2026_bearbeitet-1536x1028.jpg 1536w, https:\/\/alumni.lerbermatt.ch\/wp-content\/uploads\/2020\/06\/IMG_2026_bearbeitet-2048x1371.jpg 2048w, https:\/\/alumni.lerbermatt.ch\/wp-content\/uploads\/2020\/06\/IMG_2026_bearbeitet-100x67.jpg 100w, https:\/\/alumni.lerbermatt.ch\/wp-content\/uploads\/2020\/06\/IMG_2026_bearbeitet-150x100.jpg 150w, https:\/\/alumni.lerbermatt.ch\/wp-content\/uploads\/2020\/06\/IMG_2026_bearbeitet-200x134.jpg 200w, https:\/\/alumni.lerbermatt.ch\/wp-content\/uploads\/2020\/06\/IMG_2026_bearbeitet-450x301.jpg 450w, https:\/\/alumni.lerbermatt.ch\/wp-content\/uploads\/2020\/06\/IMG_2026_bearbeitet-600x402.jpg 600w, https:\/\/alumni.lerbermatt.ch\/wp-content\/uploads\/2020\/06\/IMG_2026_bearbeitet-900x603.jpg 900w\" sizes=\"(max-width: 605px) 100vw, 605px\" \/><\/a><\/p>\n<p><a href=\"https:\/\/alumni.lerbermatt.ch\/wp-content\/uploads\/2020\/06\/IMG_2020_bearbeitet-scaled.jpg\"><img loading=\"lazy\" decoding=\"async\" class=\"alignnone wp-image-381 size-large\" src=\"https:\/\/alumni.lerbermatt.ch\/wp-content\/uploads\/2020\/06\/IMG_2020_bearbeitet-1024x683.jpg\" alt=\"\" width=\"605\" height=\"404\" srcset=\"https:\/\/alumni.lerbermatt.ch\/wp-content\/uploads\/2020\/06\/IMG_2020_bearbeitet-1024x683.jpg 1024w, https:\/\/alumni.lerbermatt.ch\/wp-content\/uploads\/2020\/06\/IMG_2020_bearbeitet-300x200.jpg 300w, https:\/\/alumni.lerbermatt.ch\/wp-content\/uploads\/2020\/06\/IMG_2020_bearbeitet-768x512.jpg 768w, https:\/\/alumni.lerbermatt.ch\/wp-content\/uploads\/2020\/06\/IMG_2020_bearbeitet-1536x1024.jpg 1536w, https:\/\/alumni.lerbermatt.ch\/wp-content\/uploads\/2020\/06\/IMG_2020_bearbeitet-2048x1365.jpg 2048w, https:\/\/alumni.lerbermatt.ch\/wp-content\/uploads\/2020\/06\/IMG_2020_bearbeitet-100x67.jpg 100w, https:\/\/alumni.lerbermatt.ch\/wp-content\/uploads\/2020\/06\/IMG_2020_bearbeitet-150x100.jpg 150w, https:\/\/alumni.lerbermatt.ch\/wp-content\/uploads\/2020\/06\/IMG_2020_bearbeitet-200x133.jpg 200w, https:\/\/alumni.lerbermatt.ch\/wp-content\/uploads\/2020\/06\/IMG_2020_bearbeitet-450x300.jpg 450w, https:\/\/alumni.lerbermatt.ch\/wp-content\/uploads\/2020\/06\/IMG_2020_bearbeitet-600x400.jpg 600w, https:\/\/alumni.lerbermatt.ch\/wp-content\/uploads\/2020\/06\/IMG_2020_bearbeitet-900x600.jpg 900w\" sizes=\"(max-width: 605px) 100vw, 605px\" \/><\/a><a href=\"https:\/\/alumni.lerbermatt.ch\/wp-content\/uploads\/2020\/06\/IMG_2035_bearbeitet-scaled.jpg\"><img loading=\"lazy\" decoding=\"async\" class=\"alignnone wp-image-382 size-large\" src=\"https:\/\/alumni.lerbermatt.ch\/wp-content\/uploads\/2020\/06\/IMG_2035_bearbeitet-1024x683.jpg\" alt=\"\" width=\"605\" height=\"404\" srcset=\"https:\/\/alumni.lerbermatt.ch\/wp-content\/uploads\/2020\/06\/IMG_2035_bearbeitet-1024x683.jpg 1024w, https:\/\/alumni.lerbermatt.ch\/wp-content\/uploads\/2020\/06\/IMG_2035_bearbeitet-300x200.jpg 300w, https:\/\/alumni.lerbermatt.ch\/wp-content\/uploads\/2020\/06\/IMG_2035_bearbeitet-768x512.jpg 768w, https:\/\/alumni.lerbermatt.ch\/wp-content\/uploads\/2020\/06\/IMG_2035_bearbeitet-1536x1024.jpg 1536w, https:\/\/alumni.lerbermatt.ch\/wp-content\/uploads\/2020\/06\/IMG_2035_bearbeitet-2048x1365.jpg 2048w, https:\/\/alumni.lerbermatt.ch\/wp-content\/uploads\/2020\/06\/IMG_2035_bearbeitet-100x67.jpg 100w, https:\/\/alumni.lerbermatt.ch\/wp-content\/uploads\/2020\/06\/IMG_2035_bearbeitet-150x100.jpg 150w, https:\/\/alumni.lerbermatt.ch\/wp-content\/uploads\/2020\/06\/IMG_2035_bearbeitet-200x133.jpg 200w, https:\/\/alumni.lerbermatt.ch\/wp-content\/uploads\/2020\/06\/IMG_2035_bearbeitet-450x300.jpg 450w, https:\/\/alumni.lerbermatt.ch\/wp-content\/uploads\/2020\/06\/IMG_2035_bearbeitet-600x400.jpg 600w, https:\/\/alumni.lerbermatt.ch\/wp-content\/uploads\/2020\/06\/IMG_2035_bearbeitet-900x600.jpg 900w\" sizes=\"(max-width: 605px) 100vw, 605px\" \/><\/a><\/p>\n","protected":false},"excerpt":{"rendered":"<p>Der Alumni-Verein gratuliert den Sch\u00fclerinnen und Sch\u00fclern des Abschlussjahrgangs 2020 herzlich zum erreichten Meilenstein! Wie das gesamte Fr\u00fchlingssemester musste auch die diesj\u00e4hrige Feier mit mehr Abstand &#8211; aber in gewohnter Atmosph\u00e4re der N\u00e4he und Verbundenheit &#8211; \u00fcber die B\u00fchne. Wir waren erfreut, dass der Anlass stattfinden konnte und wir live gratulieren durften. Alles Gute! Der [&hellip;]<\/p>\n","protected":false},"author":1,"featured_media":0,"comment_status":"open","ping_status":"open","sticky":false,"template":"","format":"standard","meta":{"footnotes":""},"categories":[1],"tags":[],"_links":{"self":[{"href":"https:\/\/alumni.lerbermatt.ch\/index.php?rest_route=\/wp\/v2\/posts\/384"}],"collection":[{"href":"https:\/\/alumni.lerbermatt.ch\/index.php?rest_route=\/wp\/v2\/posts"}],"about":[{"href":"https:\/\/alumni.lerbermatt.ch\/index.php?rest_route=\/wp\/v2\/types\/post"}],"author":[{"embeddable":true,"href":"https:\/\/alumni.lerbermatt.ch\/index.php?rest_route=\/wp\/v2\/users\/1"}],"replies":[{"embeddable":true,"href":"https:\/\/alumni.lerbermatt.ch\/index.php?rest_route=%2Fwp%2Fv2%2Fcomments&post=384"}],"version-history":[{"count":2,"href":"https:\/\/alumni.lerbermatt.ch\/index.php?rest_route=\/wp\/v2\/posts\/384\/revisions"}],"predecessor-version":[{"id":386,"href":"https:\/\/alumni.lerbermatt.ch\/index.php?rest_route=\/wp\/v2\/posts\/384\/revisions\/386"}],"wp:attachment":[{"href":"https:\/\/alumni.lerbermatt.ch\/index.php?rest_route=%2Fwp%2Fv2%2Fmedia&parent=384"}],"wp:term":[{"taxonomy":"category","embeddable":true,"href":"https:\/\/alumni.lerbermatt.ch\/index.php?rest_route=%2Fwp%2Fv2%2Fcategories&post=384"},{"taxonomy":"post_tag","embeddable":true,"href":"https:\/\/alumni.lerbermatt.ch\/index.php?rest_route=%2Fwp%2Fv2%2Ftags&post=384"}],"curies":[{"name":"wp","href":"https:\/\/api.w.org\/{rel}","templated":true}]}}