{"id":373,"date":"2020-05-24T09:29:00","date_gmt":"2020-05-24T07:29:00","guid":{"rendered":"https:\/\/alumni.lerbermatt.ch\/?p=373"},"modified":"2020-05-30T09:38:15","modified_gmt":"2020-05-30T07:38:15","slug":"jugend-und-corona-die-gedanken-an-die-zukunft-sind-von-sorgen-begleitet","status":"publish","type":"post","link":"https:\/\/alumni.lerbermatt.ch\/?p=373","title":{"rendered":"Jugend und Corona &#8211; &#8222;Die Gedanken an die Zukunft sind von Sorgen begleitet&#8220;"},"content":{"rendered":"\n<div class=\"wp-block-group\"><div class=\"wp-block-group__inner-container is-layout-flow wp-block-group-is-layout-flow\">\n<p>In der Berner Zeitung schildern beschreiben Sch\u00fclerinnen und Sch\u00fcler des Gymnasiums, wie das Geschehen rund um die Pandemie ihre Zukunftspl\u00e4ne beeinflusst. Herzliche Gratulation zum Artikel!<br><a href=\"https:\/\/www.bernerzeitung.ch\/die-gedanken-an-die-zukunft-sind-von-sorgen-begleitet-752622734921\" target=\"_blank\" rel=\"noreferrer noopener\">https:\/\/www.bernerzeitung.ch\/die-gedanken-an-die-zukunft-sind-von-sorgen-begleitet-752622734921<\/a><\/p>\n<\/div><\/div>\n","protected":false},"excerpt":{"rendered":"<p>In der Berner Zeitung schildern beschreiben Sch\u00fclerinnen und Sch\u00fcler des Gymnasiums, wie das Geschehen rund um die Pandemie ihre Zukunftspl\u00e4ne beeinflusst. Herzliche Gratulation zum Artikel!https:\/\/www.bernerzeitung.ch\/die-gedanken-an-die-zukunft-sind-von-sorgen-begleitet-752622734921<\/p>\n","protected":false},"author":1,"featured_media":376,"comment_status":"open","ping_status":"open","sticky":false,"template":"","format":"standard","meta":{"footnotes":""},"categories":[1],"tags":[],"_links":{"self":[{"href":"https:\/\/alumni.lerbermatt.ch\/index.php?rest_route=\/wp\/v2\/posts\/373"}],"collection":[{"href":"https:\/\/alumni.lerbermatt.ch\/index.php?rest_route=\/wp\/v2\/posts"}],"about":[{"href":"https:\/\/alumni.lerbermatt.ch\/index.php?rest_route=\/wp\/v2\/types\/post"}],"author":[{"embeddable":true,"href":"https:\/\/alumni.lerbermatt.ch\/index.php?rest_route=\/wp\/v2\/users\/1"}],"replies":[{"embeddable":true,"href":"https:\/\/alumni.lerbermatt.ch\/index.php?rest_route=%2Fwp%2Fv2%2Fcomments&post=373"}],"version-history":[{"count":3,"href":"https:\/\/alumni.lerbermatt.ch\/index.php?rest_route=\/wp\/v2\/posts\/373\/revisions"}],"predecessor-version":[{"id":377,"href":"https:\/\/alumni.lerbermatt.ch\/index.php?rest_route=\/wp\/v2\/posts\/373\/revisions\/377"}],"wp:featuredmedia":[{"embeddable":true,"href":"https:\/\/alumni.lerbermatt.ch\/index.php?rest_route=\/wp\/v2\/media\/376"}],"wp:attachment":[{"href":"https:\/\/alumni.lerbermatt.ch\/index.php?rest_route=%2Fwp%2Fv2%2Fmedia&parent=373"}],"wp:term":[{"taxonomy":"category","embeddable":true,"href":"https:\/\/alumni.lerbermatt.ch\/index.php?rest_route=%2Fwp%2Fv2%2Fcategories&post=373"},{"taxonomy":"post_tag","embeddable":true,"href":"https:\/\/alumni.lerbermatt.ch\/index.php?rest_route=%2Fwp%2Fv2%2Ftags&post=373"}],"curies":[{"name":"wp","href":"https:\/\/api.w.org\/{rel}","templated":true}]}}