{"id":365,"date":"2019-09-25T17:20:05","date_gmt":"2019-09-25T15:20:05","guid":{"rendered":"https:\/\/alumni.lerbermatt.ch\/?p=365"},"modified":"2020-05-16T17:21:06","modified_gmt":"2020-05-16T15:21:06","slug":"mitgliederversammlung-2019","status":"publish","type":"post","link":"https:\/\/alumni.lerbermatt.ch\/?p=365","title":{"rendered":"Mitgliederversammlung 2019"},"content":{"rendered":"\n<p>Am 20. September fand im Chemin\u00e9eraum unsere Mitgliederversammlung mit anschliessendem Br\u00e4teln in der Lerbermatt statt. Wir danken den anwesenden 14 Mitgliedern f\u00fcr die Inputs.<\/p>\n<p>Der Vorstand wurde entlastet; das verabschiedete Budget war ausgeglichen. Unter diesen Umst\u00e4nden wurde beschlossen, die Verschuldung des Vereins zu senken.<\/p>\n<p>Weiter haben wir beschlossen, zuk\u00fcnftig einen Studienwahltag im Herbstsemester durchzuf\u00fchren.<\/p>\n<p>Mit Blick auf den ersten FMS-Jahrgang, der 2020 abschliessen wird, wurde beschlossen, dass wir auch die FMSler herzlich willkommen heissen m\u00f6chten. Die Anwesenden haben dem Vorstand deshalb das Mandat erteilt, die Statuten zu \u00e4ndern und im gleichen Zug auch den Namen und den \u00f6ffentlichen Auftritt des Vereins anzupassen.<\/p>\n<p>Die vorgeschlagenen \u00c4nderungen sollen an der n\u00e4chsten Mitgliederversammlung verabschiedet werden k\u00f6nnen.<\/p>\n<p><a href=\"https:\/\/alumni.lerbermatt.ch\/wp-content\/uploads\/2020\/05\/IMG_1149_downsized.jpg\"><img loading=\"lazy\" decoding=\"async\" class=\"alignnone size-large wp-image-369\" src=\"https:\/\/alumni.lerbermatt.ch\/wp-content\/uploads\/2020\/05\/IMG_1149_downsized-1024x682.jpg\" alt=\"\" width=\"605\" height=\"403\" srcset=\"https:\/\/alumni.lerbermatt.ch\/wp-content\/uploads\/2020\/05\/IMG_1149_downsized-1024x682.jpg 1024w, https:\/\/alumni.lerbermatt.ch\/wp-content\/uploads\/2020\/05\/IMG_1149_downsized-300x200.jpg 300w, https:\/\/alumni.lerbermatt.ch\/wp-content\/uploads\/2020\/05\/IMG_1149_downsized-768x512.jpg 768w, https:\/\/alumni.lerbermatt.ch\/wp-content\/uploads\/2020\/05\/IMG_1149_downsized-100x67.jpg 100w, https:\/\/alumni.lerbermatt.ch\/wp-content\/uploads\/2020\/05\/IMG_1149_downsized-150x100.jpg 150w, https:\/\/alumni.lerbermatt.ch\/wp-content\/uploads\/2020\/05\/IMG_1149_downsized-200x133.jpg 200w, https:\/\/alumni.lerbermatt.ch\/wp-content\/uploads\/2020\/05\/IMG_1149_downsized-450x300.jpg 450w, https:\/\/alumni.lerbermatt.ch\/wp-content\/uploads\/2020\/05\/IMG_1149_downsized-600x400.jpg 600w, https:\/\/alumni.lerbermatt.ch\/wp-content\/uploads\/2020\/05\/IMG_1149_downsized-900x600.jpg 900w, https:\/\/alumni.lerbermatt.ch\/wp-content\/uploads\/2020\/05\/IMG_1149_downsized.jpg 1280w\" sizes=\"(max-width: 605px) 100vw, 605px\" \/><\/a> <a href=\"https:\/\/alumni.lerbermatt.ch\/wp-content\/uploads\/2020\/05\/IMG_1148_downsized.jpg\"><img loading=\"lazy\" decoding=\"async\" class=\"alignnone size-large wp-image-368\" src=\"https:\/\/alumni.lerbermatt.ch\/wp-content\/uploads\/2020\/05\/IMG_1148_downsized-1024x682.jpg\" alt=\"\" width=\"605\" height=\"403\" srcset=\"https:\/\/alumni.lerbermatt.ch\/wp-content\/uploads\/2020\/05\/IMG_1148_downsized-1024x682.jpg 1024w, https:\/\/alumni.lerbermatt.ch\/wp-content\/uploads\/2020\/05\/IMG_1148_downsized-300x200.jpg 300w, https:\/\/alumni.lerbermatt.ch\/wp-content\/uploads\/2020\/05\/IMG_1148_downsized-768x512.jpg 768w, https:\/\/alumni.lerbermatt.ch\/wp-content\/uploads\/2020\/05\/IMG_1148_downsized-100x67.jpg 100w, https:\/\/alumni.lerbermatt.ch\/wp-content\/uploads\/2020\/05\/IMG_1148_downsized-150x100.jpg 150w, https:\/\/alumni.lerbermatt.ch\/wp-content\/uploads\/2020\/05\/IMG_1148_downsized-200x133.jpg 200w, https:\/\/alumni.lerbermatt.ch\/wp-content\/uploads\/2020\/05\/IMG_1148_downsized-450x300.jpg 450w, https:\/\/alumni.lerbermatt.ch\/wp-content\/uploads\/2020\/05\/IMG_1148_downsized-600x400.jpg 600w, https:\/\/alumni.lerbermatt.ch\/wp-content\/uploads\/2020\/05\/IMG_1148_downsized-900x600.jpg 900w, https:\/\/alumni.lerbermatt.ch\/wp-content\/uploads\/2020\/05\/IMG_1148_downsized.jpg 1280w\" sizes=\"(max-width: 605px) 100vw, 605px\" \/><\/a> <a href=\"https:\/\/alumni.lerbermatt.ch\/wp-content\/uploads\/2020\/05\/IMG_1147-1_downsized.jpg\"><img loading=\"lazy\" decoding=\"async\" class=\"alignnone size-large wp-image-367\" src=\"https:\/\/alumni.lerbermatt.ch\/wp-content\/uploads\/2020\/05\/IMG_1147-1_downsized-1024x682.jpg\" alt=\"\" width=\"605\" height=\"403\" srcset=\"https:\/\/alumni.lerbermatt.ch\/wp-content\/uploads\/2020\/05\/IMG_1147-1_downsized-1024x682.jpg 1024w, https:\/\/alumni.lerbermatt.ch\/wp-content\/uploads\/2020\/05\/IMG_1147-1_downsized-300x200.jpg 300w, https:\/\/alumni.lerbermatt.ch\/wp-content\/uploads\/2020\/05\/IMG_1147-1_downsized-768x512.jpg 768w, https:\/\/alumni.lerbermatt.ch\/wp-content\/uploads\/2020\/05\/IMG_1147-1_downsized-100x67.jpg 100w, https:\/\/alumni.lerbermatt.ch\/wp-content\/uploads\/2020\/05\/IMG_1147-1_downsized-150x100.jpg 150w, https:\/\/alumni.lerbermatt.ch\/wp-content\/uploads\/2020\/05\/IMG_1147-1_downsized-200x133.jpg 200w, https:\/\/alumni.lerbermatt.ch\/wp-content\/uploads\/2020\/05\/IMG_1147-1_downsized-450x300.jpg 450w, https:\/\/alumni.lerbermatt.ch\/wp-content\/uploads\/2020\/05\/IMG_1147-1_downsized-600x400.jpg 600w, https:\/\/alumni.lerbermatt.ch\/wp-content\/uploads\/2020\/05\/IMG_1147-1_downsized-900x600.jpg 900w, https:\/\/alumni.lerbermatt.ch\/wp-content\/uploads\/2020\/05\/IMG_1147-1_downsized.jpg 1280w\" sizes=\"(max-width: 605px) 100vw, 605px\" \/><\/a><\/p>\n","protected":false},"excerpt":{"rendered":"<p>Am 20. September fand im Chemin\u00e9eraum unsere Mitgliederversammlung mit anschliessendem Br\u00e4teln in der Lerbermatt statt. Wir danken den anwesenden 14 Mitgliedern f\u00fcr die Inputs. Der Vorstand wurde entlastet; das verabschiedete Budget war ausgeglichen. Unter diesen Umst\u00e4nden wurde beschlossen, die Verschuldung des Vereins zu senken. Weiter haben wir beschlossen, zuk\u00fcnftig einen Studienwahltag im Herbstsemester durchzuf\u00fchren. Mit [&hellip;]<\/p>\n","protected":false},"author":2,"featured_media":0,"comment_status":"open","ping_status":"open","sticky":false,"template":"","format":"standard","meta":{"footnotes":""},"categories":[1],"tags":[],"_links":{"self":[{"href":"https:\/\/alumni.lerbermatt.ch\/index.php?rest_route=\/wp\/v2\/posts\/365"}],"collection":[{"href":"https:\/\/alumni.lerbermatt.ch\/index.php?rest_route=\/wp\/v2\/posts"}],"about":[{"href":"https:\/\/alumni.lerbermatt.ch\/index.php?rest_route=\/wp\/v2\/types\/post"}],"author":[{"embeddable":true,"href":"https:\/\/alumni.lerbermatt.ch\/index.php?rest_route=\/wp\/v2\/users\/2"}],"replies":[{"embeddable":true,"href":"https:\/\/alumni.lerbermatt.ch\/index.php?rest_route=%2Fwp%2Fv2%2Fcomments&post=365"}],"version-history":[{"count":1,"href":"https:\/\/alumni.lerbermatt.ch\/index.php?rest_route=\/wp\/v2\/posts\/365\/revisions"}],"predecessor-version":[{"id":370,"href":"https:\/\/alumni.lerbermatt.ch\/index.php?rest_route=\/wp\/v2\/posts\/365\/revisions\/370"}],"wp:attachment":[{"href":"https:\/\/alumni.lerbermatt.ch\/index.php?rest_route=%2Fwp%2Fv2%2Fmedia&parent=365"}],"wp:term":[{"taxonomy":"category","embeddable":true,"href":"https:\/\/alumni.lerbermatt.ch\/index.php?rest_route=%2Fwp%2Fv2%2Fcategories&post=365"},{"taxonomy":"post_tag","embeddable":true,"href":"https:\/\/alumni.lerbermatt.ch\/index.php?rest_route=%2Fwp%2Fv2%2Ftags&post=365"}],"curies":[{"name":"wp","href":"https:\/\/api.w.org\/{rel}","templated":true}]}}