{"id":354,"date":"2018-11-18T16:59:13","date_gmt":"2018-11-18T14:59:13","guid":{"rendered":"https:\/\/alumni.lerbermatt.ch\/?p=354"},"modified":"2018-11-18T16:59:13","modified_gmt":"2018-11-18T14:59:13","slug":"maturaarbeitspraesentationen-am-fr-7-dezember-2018","status":"publish","type":"post","link":"https:\/\/alumni.lerbermatt.ch\/?p=354","title":{"rendered":"Maturaarbeitspr\u00e4sentationen am Fr, 7. Dezember 2018"},"content":{"rendered":"<p>Gesch\u00e4tzte Alumni der Lerbermatt<\/p>\n<p>Am Freitag, 7. Dezember finden tags\u00fcber zwischen 8 und 17 Uhr und abends zwischen 18 und 22 Uhr die diesj\u00e4hrigen Maturaarbeitspr\u00e4sentationen statt. Gerne leiten wir die Einladung durch die Schulleitung an Sie alle weiter.<\/p>\n<p>In Vorfreude auf ein Wiedersehen und bereits jetzt viel Vergn\u00fcgen w\u00fcnschend,<\/p>\n<p>der Vorstand<\/p>\n<p><a href=\"https:\/\/alumni.lerbermatt.ch\/wp-content\/uploads\/2018\/11\/MA_Pr\u00e4sentation-18\uf0222.pdf\">Einladung (PDF)<\/a><\/p>\n<p><a href=\"https:\/\/alumni.lerbermatt.ch\/wp-content\/uploads\/2018\/11\/Maturaarbeitspr\u00e4sentationen.jpg\"><img loading=\"lazy\" decoding=\"async\" class=\"alignnone size-full wp-image-358\" src=\"https:\/\/alumni.lerbermatt.ch\/wp-content\/uploads\/2018\/11\/Maturaarbeitspr\u00e4sentationen.jpg\" alt=\"\" width=\"421\" height=\"595\" srcset=\"https:\/\/alumni.lerbermatt.ch\/wp-content\/uploads\/2018\/11\/Maturaarbeitspr\u00e4sentationen.jpg 421w, https:\/\/alumni.lerbermatt.ch\/wp-content\/uploads\/2018\/11\/Maturaarbeitspr\u00e4sentationen-212x300.jpg 212w, https:\/\/alumni.lerbermatt.ch\/wp-content\/uploads\/2018\/11\/Maturaarbeitspr\u00e4sentationen-100x141.jpg 100w, https:\/\/alumni.lerbermatt.ch\/wp-content\/uploads\/2018\/11\/Maturaarbeitspr\u00e4sentationen-150x212.jpg 150w, https:\/\/alumni.lerbermatt.ch\/wp-content\/uploads\/2018\/11\/Maturaarbeitspr\u00e4sentationen-200x283.jpg 200w, https:\/\/alumni.lerbermatt.ch\/wp-content\/uploads\/2018\/11\/Maturaarbeitspr\u00e4sentationen-300x424.jpg 300w\" sizes=\"(max-width: 421px) 100vw, 421px\" \/><\/a><\/p>\n","protected":false},"excerpt":{"rendered":"<p>Gesch\u00e4tzte Alumni der Lerbermatt Am Freitag, 7. Dezember finden tags\u00fcber zwischen 8 und 17 Uhr und abends zwischen 18 und 22 Uhr die diesj\u00e4hrigen Maturaarbeitspr\u00e4sentationen statt. Gerne leiten wir die Einladung durch die Schulleitung an Sie alle weiter. In Vorfreude auf ein Wiedersehen und bereits jetzt viel Vergn\u00fcgen w\u00fcnschend, der Vorstand Einladung (PDF)<\/p>\n","protected":false},"author":2,"featured_media":0,"comment_status":"open","ping_status":"open","sticky":false,"template":"","format":"standard","meta":{"footnotes":""},"categories":[1],"tags":[],"_links":{"self":[{"href":"https:\/\/alumni.lerbermatt.ch\/index.php?rest_route=\/wp\/v2\/posts\/354"}],"collection":[{"href":"https:\/\/alumni.lerbermatt.ch\/index.php?rest_route=\/wp\/v2\/posts"}],"about":[{"href":"https:\/\/alumni.lerbermatt.ch\/index.php?rest_route=\/wp\/v2\/types\/post"}],"author":[{"embeddable":true,"href":"https:\/\/alumni.lerbermatt.ch\/index.php?rest_route=\/wp\/v2\/users\/2"}],"replies":[{"embeddable":true,"href":"https:\/\/alumni.lerbermatt.ch\/index.php?rest_route=%2Fwp%2Fv2%2Fcomments&post=354"}],"version-history":[{"count":3,"href":"https:\/\/alumni.lerbermatt.ch\/index.php?rest_route=\/wp\/v2\/posts\/354\/revisions"}],"predecessor-version":[{"id":359,"href":"https:\/\/alumni.lerbermatt.ch\/index.php?rest_route=\/wp\/v2\/posts\/354\/revisions\/359"}],"wp:attachment":[{"href":"https:\/\/alumni.lerbermatt.ch\/index.php?rest_route=%2Fwp%2Fv2%2Fmedia&parent=354"}],"wp:term":[{"taxonomy":"category","embeddable":true,"href":"https:\/\/alumni.lerbermatt.ch\/index.php?rest_route=%2Fwp%2Fv2%2Fcategories&post=354"},{"taxonomy":"post_tag","embeddable":true,"href":"https:\/\/alumni.lerbermatt.ch\/index.php?rest_route=%2Fwp%2Fv2%2Ftags&post=354"}],"curies":[{"name":"wp","href":"https:\/\/api.w.org\/{rel}","templated":true}]}}