{"id":339,"date":"2018-09-22T10:11:26","date_gmt":"2018-09-22T08:11:26","guid":{"rendered":"https:\/\/alumni.lerbermatt.ch\/?p=339"},"modified":"2018-09-22T10:11:26","modified_gmt":"2018-09-22T08:11:26","slug":"mitgliederversammlung-mit-braeteln-2018","status":"publish","type":"post","link":"https:\/\/alumni.lerbermatt.ch\/?p=339","title":{"rendered":"Mitgliederversammlung mit Br\u00e4teln 2018"},"content":{"rendered":"<p>Am 21. September haben wir beschlossen, die Pr\u00e4senz des Vereins im Gymnasium zu st\u00e4rken und auf seine Angebote hinzuweisen. Wir werden deshalb\u00a0dem Gymnasium Kooperationen anbieten, um die Erfahrungen der Ehemaligen den Sch\u00fclerinnen und Sch\u00fclern zug\u00e4nglich zu machen.\u00a0Damit wollen wir eines\u00a0unserer Vereinsziele,\u00a0n\u00e4mlich auch die aktuelle Sch\u00fclerschaft zu unterst\u00fctzen, besser erreichen.<\/p>\n<p>Nach der engagierten Diskussion warfen wir je einen veganen und karnivoren Grill an und liessen den Abend bei\u00a0Rotwein und perspektivenreichen Gespr\u00e4chen ausklingen. An dieser Stelle auch vielen Dank f\u00fcr die eigeninitiierten Gaben an das Dessertbuffet!<\/p>\n<figure id=\"attachment_342\" aria-describedby=\"caption-attachment-342\" style=\"width: 605px\" class=\"wp-caption alignnone\"><img loading=\"lazy\" decoding=\"async\" class=\"wp-image-342 size-large\" src=\"https:\/\/alumni.lerbermatt.ch\/wp-content\/uploads\/2018\/09\/Mitglieder-I-1024x926.jpg\" alt=\"zuh\u00f6rende Mitglieder auf Tischen\" width=\"605\" height=\"547\" srcset=\"https:\/\/alumni.lerbermatt.ch\/wp-content\/uploads\/2018\/09\/Mitglieder-I-1024x926.jpg 1024w, https:\/\/alumni.lerbermatt.ch\/wp-content\/uploads\/2018\/09\/Mitglieder-I-300x271.jpg 300w, https:\/\/alumni.lerbermatt.ch\/wp-content\/uploads\/2018\/09\/Mitglieder-I-768x694.jpg 768w, https:\/\/alumni.lerbermatt.ch\/wp-content\/uploads\/2018\/09\/Mitglieder-I-100x90.jpg 100w, https:\/\/alumni.lerbermatt.ch\/wp-content\/uploads\/2018\/09\/Mitglieder-I-150x136.jpg 150w, https:\/\/alumni.lerbermatt.ch\/wp-content\/uploads\/2018\/09\/Mitglieder-I-200x181.jpg 200w, https:\/\/alumni.lerbermatt.ch\/wp-content\/uploads\/2018\/09\/Mitglieder-I-450x407.jpg 450w, https:\/\/alumni.lerbermatt.ch\/wp-content\/uploads\/2018\/09\/Mitglieder-I-600x543.jpg 600w, https:\/\/alumni.lerbermatt.ch\/wp-content\/uploads\/2018\/09\/Mitglieder-I-900x814.jpg 900w, https:\/\/alumni.lerbermatt.ch\/wp-content\/uploads\/2018\/09\/Mitglieder-I.jpg 1055w\" sizes=\"(max-width: 605px) 100vw, 605px\" \/><figcaption id=\"caption-attachment-342\" class=\"wp-caption-text\">Das aktive Mitdenken unserer Mitglieder zeigt sich bildlich darin, dass sie sich nicht in den St\u00fchlen zur\u00fccklehnen wollten \ud83d\ude42<\/figcaption><\/figure>\n<figure id=\"attachment_341\" aria-describedby=\"caption-attachment-341\" style=\"width: 605px\" class=\"wp-caption alignnone\"><img loading=\"lazy\" decoding=\"async\" class=\"wp-image-341 size-large\" src=\"https:\/\/alumni.lerbermatt.ch\/wp-content\/uploads\/2018\/09\/Lukas-1024x768.jpg\" alt=\"Man sitzt an einem Schreibtisch mit zwei Laptops\" width=\"605\" height=\"454\" srcset=\"https:\/\/alumni.lerbermatt.ch\/wp-content\/uploads\/2018\/09\/Lukas-1024x768.jpg 1024w, https:\/\/alumni.lerbermatt.ch\/wp-content\/uploads\/2018\/09\/Lukas-300x225.jpg 300w, https:\/\/alumni.lerbermatt.ch\/wp-content\/uploads\/2018\/09\/Lukas-768x576.jpg 768w, https:\/\/alumni.lerbermatt.ch\/wp-content\/uploads\/2018\/09\/Lukas-100x75.jpg 100w, https:\/\/alumni.lerbermatt.ch\/wp-content\/uploads\/2018\/09\/Lukas-150x112.jpg 150w, https:\/\/alumni.lerbermatt.ch\/wp-content\/uploads\/2018\/09\/Lukas-200x150.jpg 200w, https:\/\/alumni.lerbermatt.ch\/wp-content\/uploads\/2018\/09\/Lukas-450x337.jpg 450w, https:\/\/alumni.lerbermatt.ch\/wp-content\/uploads\/2018\/09\/Lukas-600x450.jpg 600w, https:\/\/alumni.lerbermatt.ch\/wp-content\/uploads\/2018\/09\/Lukas-900x675.jpg 900w, https:\/\/alumni.lerbermatt.ch\/wp-content\/uploads\/2018\/09\/Lukas.jpg 1407w\" sizes=\"(max-width: 605px) 100vw, 605px\" \/><figcaption id=\"caption-attachment-341\" class=\"wp-caption-text\">Der Vorstand f\u00fchrt durch die Versammlung und protokolliert die Beschl\u00fcsse.<\/figcaption><\/figure>\n<figure id=\"attachment_343\" aria-describedby=\"caption-attachment-343\" style=\"width: 605px\" class=\"wp-caption alignnone\"><img loading=\"lazy\" decoding=\"async\" class=\"wp-image-343\" src=\"https:\/\/alumni.lerbermatt.ch\/wp-content\/uploads\/2018\/09\/Mitglieder-II.jpg\" alt=\"Vier Menschen auf Tischen sitzend.\" width=\"605\" height=\"453\" srcset=\"https:\/\/alumni.lerbermatt.ch\/wp-content\/uploads\/2018\/09\/Mitglieder-II.jpg 886w, https:\/\/alumni.lerbermatt.ch\/wp-content\/uploads\/2018\/09\/Mitglieder-II-300x225.jpg 300w, https:\/\/alumni.lerbermatt.ch\/wp-content\/uploads\/2018\/09\/Mitglieder-II-768x576.jpg 768w, https:\/\/alumni.lerbermatt.ch\/wp-content\/uploads\/2018\/09\/Mitglieder-II-100x75.jpg 100w, https:\/\/alumni.lerbermatt.ch\/wp-content\/uploads\/2018\/09\/Mitglieder-II-150x112.jpg 150w, https:\/\/alumni.lerbermatt.ch\/wp-content\/uploads\/2018\/09\/Mitglieder-II-200x150.jpg 200w, https:\/\/alumni.lerbermatt.ch\/wp-content\/uploads\/2018\/09\/Mitglieder-II-450x337.jpg 450w, https:\/\/alumni.lerbermatt.ch\/wp-content\/uploads\/2018\/09\/Mitglieder-II-600x450.jpg 600w\" sizes=\"(max-width: 605px) 100vw, 605px\" \/><figcaption id=\"caption-attachment-343\" class=\"wp-caption-text\">Konzentrierte Stimmung: Auf der Suche nach L\u00f6sungen, die Ziele des Vereins zu verwirklichen.<\/figcaption><\/figure>\n<figure id=\"attachment_344\" aria-describedby=\"caption-attachment-344\" style=\"width: 605px\" class=\"wp-caption alignnone\"><a href=\"https:\/\/alumni.lerbermatt.ch\/wp-content\/uploads\/2018\/09\/Nora.jpg\"><img loading=\"lazy\" decoding=\"async\" class=\"wp-image-344 size-large\" src=\"https:\/\/alumni.lerbermatt.ch\/wp-content\/uploads\/2018\/09\/Nora-1024x768.jpg\" alt=\"Frau erkl\u00e4rt an einer Wandtafel\" width=\"605\" height=\"454\" srcset=\"https:\/\/alumni.lerbermatt.ch\/wp-content\/uploads\/2018\/09\/Nora-1024x768.jpg 1024w, https:\/\/alumni.lerbermatt.ch\/wp-content\/uploads\/2018\/09\/Nora-300x225.jpg 300w, https:\/\/alumni.lerbermatt.ch\/wp-content\/uploads\/2018\/09\/Nora-768x576.jpg 768w, https:\/\/alumni.lerbermatt.ch\/wp-content\/uploads\/2018\/09\/Nora-100x75.jpg 100w, https:\/\/alumni.lerbermatt.ch\/wp-content\/uploads\/2018\/09\/Nora-150x113.jpg 150w, https:\/\/alumni.lerbermatt.ch\/wp-content\/uploads\/2018\/09\/Nora-200x150.jpg 200w, https:\/\/alumni.lerbermatt.ch\/wp-content\/uploads\/2018\/09\/Nora-450x338.jpg 450w, https:\/\/alumni.lerbermatt.ch\/wp-content\/uploads\/2018\/09\/Nora-600x450.jpg 600w, https:\/\/alumni.lerbermatt.ch\/wp-content\/uploads\/2018\/09\/Nora-900x675.jpg 900w\" sizes=\"(max-width: 605px) 100vw, 605px\" \/><\/a><figcaption id=\"caption-attachment-344\" class=\"wp-caption-text\">Die Kassierin erkl\u00e4rt die Rechnung des vergangenen Vereinsjahres. Der Verein konnte eine ausgeglichene Erfolgsrechnung pr\u00e4sentieren und verf\u00fcgt \u00fcber ein solides Polster an fl\u00fcssigen Mitteln.<\/figcaption><\/figure>\n<figure id=\"attachment_340\" aria-describedby=\"caption-attachment-340\" style=\"width: 605px\" class=\"wp-caption alignnone\"><img loading=\"lazy\" decoding=\"async\" class=\"wp-image-340 size-large\" src=\"https:\/\/alumni.lerbermatt.ch\/wp-content\/uploads\/2018\/09\/Grill-768x1024.jpg\" alt=\"Grill mit Fussballfeld im Hintergrund\" width=\"605\" height=\"807\" srcset=\"https:\/\/alumni.lerbermatt.ch\/wp-content\/uploads\/2018\/09\/Grill-768x1024.jpg 768w, https:\/\/alumni.lerbermatt.ch\/wp-content\/uploads\/2018\/09\/Grill-225x300.jpg 225w, https:\/\/alumni.lerbermatt.ch\/wp-content\/uploads\/2018\/09\/Grill-100x133.jpg 100w, https:\/\/alumni.lerbermatt.ch\/wp-content\/uploads\/2018\/09\/Grill-150x200.jpg 150w, https:\/\/alumni.lerbermatt.ch\/wp-content\/uploads\/2018\/09\/Grill-200x267.jpg 200w, https:\/\/alumni.lerbermatt.ch\/wp-content\/uploads\/2018\/09\/Grill-300x400.jpg 300w, https:\/\/alumni.lerbermatt.ch\/wp-content\/uploads\/2018\/09\/Grill-450x600.jpg 450w, https:\/\/alumni.lerbermatt.ch\/wp-content\/uploads\/2018\/09\/Grill-600x800.jpg 600w, https:\/\/alumni.lerbermatt.ch\/wp-content\/uploads\/2018\/09\/Grill-900x1200.jpg 900w\" sizes=\"(max-width: 605px) 100vw, 605px\" \/><figcaption id=\"caption-attachment-340\" class=\"wp-caption-text\">W\u00e4hrend die Junioren auf dem Platz ihr Training beenden warten wir auf die optimale Glut.<\/figcaption><\/figure>\n","protected":false},"excerpt":{"rendered":"<p>Am 21. September haben wir beschlossen, die Pr\u00e4senz des Vereins im Gymnasium zu st\u00e4rken und auf seine Angebote hinzuweisen. Wir werden deshalb\u00a0dem Gymnasium Kooperationen anbieten, um die Erfahrungen der Ehemaligen den Sch\u00fclerinnen und Sch\u00fclern zug\u00e4nglich zu machen.\u00a0Damit wollen wir eines\u00a0unserer Vereinsziele,\u00a0n\u00e4mlich auch die aktuelle Sch\u00fclerschaft zu unterst\u00fctzen, besser erreichen. Nach der engagierten Diskussion warfen wir [&hellip;]<\/p>\n","protected":false},"author":2,"featured_media":0,"comment_status":"open","ping_status":"open","sticky":false,"template":"","format":"standard","meta":{"footnotes":""},"categories":[1],"tags":[],"_links":{"self":[{"href":"https:\/\/alumni.lerbermatt.ch\/index.php?rest_route=\/wp\/v2\/posts\/339"}],"collection":[{"href":"https:\/\/alumni.lerbermatt.ch\/index.php?rest_route=\/wp\/v2\/posts"}],"about":[{"href":"https:\/\/alumni.lerbermatt.ch\/index.php?rest_route=\/wp\/v2\/types\/post"}],"author":[{"embeddable":true,"href":"https:\/\/alumni.lerbermatt.ch\/index.php?rest_route=\/wp\/v2\/users\/2"}],"replies":[{"embeddable":true,"href":"https:\/\/alumni.lerbermatt.ch\/index.php?rest_route=%2Fwp%2Fv2%2Fcomments&post=339"}],"version-history":[{"count":2,"href":"https:\/\/alumni.lerbermatt.ch\/index.php?rest_route=\/wp\/v2\/posts\/339\/revisions"}],"predecessor-version":[{"id":346,"href":"https:\/\/alumni.lerbermatt.ch\/index.php?rest_route=\/wp\/v2\/posts\/339\/revisions\/346"}],"wp:attachment":[{"href":"https:\/\/alumni.lerbermatt.ch\/index.php?rest_route=%2Fwp%2Fv2%2Fmedia&parent=339"}],"wp:term":[{"taxonomy":"category","embeddable":true,"href":"https:\/\/alumni.lerbermatt.ch\/index.php?rest_route=%2Fwp%2Fv2%2Fcategories&post=339"},{"taxonomy":"post_tag","embeddable":true,"href":"https:\/\/alumni.lerbermatt.ch\/index.php?rest_route=%2Fwp%2Fv2%2Ftags&post=339"}],"curies":[{"name":"wp","href":"https:\/\/api.w.org\/{rel}","templated":true}]}}