{"id":291,"date":"2016-05-14T23:47:25","date_gmt":"2016-05-14T21:47:25","guid":{"rendered":"https:\/\/alumni.lerbermatt.ch\/?p=291"},"modified":"2016-05-14T23:47:25","modified_gmt":"2016-05-14T21:47:25","slug":"musicalvorstellung-blutsbrueder","status":"publish","type":"post","link":"https:\/\/alumni.lerbermatt.ch\/?p=291","title":{"rendered":"Musicalvorstellung Blutsbr\u00fcder"},"content":{"rendered":"<p>Der Freitag der 13. (Mai) war der Gl\u00fcckstag f\u00fcr die Alumni, welche in den Genuss des diesj\u00e4hrigen Theater- und Musikprojekts &#8222;Blutsbr\u00fcder&#8220; kamen. Die Trag\u00f6die \u00fcber Jugendliebe und Klassenk\u00e4mpfen war\u00a0eine gelungene Kombination von pfiffiger Leichtigkeit und &#8211; trotz erfrischendem Weissewein beim Ap\u00e9ro im Lehrerzimmer &#8211; schwer verdaulichen Gesellschaftsbeobachtungen.<\/p>\n<p>Vielen Dank den engagierten SchauspielerInnen, S\u00e4ngerInnen, MusikantInnen und allen, die hinter den Kulissen mitgewirkt haben. Wir hoffen, dass unsere Begeisterung sp\u00fcrbar wurde &#8211; Standing Ovation&#8230;<\/p>\n<p>Weitere Vorstellungen sind am 17., 19., 20. und 21. Mai (<a href=\"https:\/\/www.lerbermatt.ch\/unser-gymnasium\/veranstaltungen\/theater.html\">Infos<\/a>).<\/p>\n<p><a href=\"https:\/\/alumni.lerbermatt.ch\/wp-content\/uploads\/2016\/05\/IMG_0642-1.jpg\" rel=\"attachment wp-att-300\"><img loading=\"lazy\" decoding=\"async\" class=\"alignnone size-large wp-image-300\" src=\"https:\/\/alumni.lerbermatt.ch\/wp-content\/uploads\/2016\/05\/IMG_0642-1-1024x629.jpg\" alt=\"IMG_0642\" width=\"605\" height=\"372\" srcset=\"https:\/\/alumni.lerbermatt.ch\/wp-content\/uploads\/2016\/05\/IMG_0642-1-1024x629.jpg 1024w, https:\/\/alumni.lerbermatt.ch\/wp-content\/uploads\/2016\/05\/IMG_0642-1-300x184.jpg 300w, https:\/\/alumni.lerbermatt.ch\/wp-content\/uploads\/2016\/05\/IMG_0642-1-768x472.jpg 768w, https:\/\/alumni.lerbermatt.ch\/wp-content\/uploads\/2016\/05\/IMG_0642-1-100x61.jpg 100w, https:\/\/alumni.lerbermatt.ch\/wp-content\/uploads\/2016\/05\/IMG_0642-1-150x92.jpg 150w, https:\/\/alumni.lerbermatt.ch\/wp-content\/uploads\/2016\/05\/IMG_0642-1-200x123.jpg 200w, https:\/\/alumni.lerbermatt.ch\/wp-content\/uploads\/2016\/05\/IMG_0642-1-450x276.jpg 450w, https:\/\/alumni.lerbermatt.ch\/wp-content\/uploads\/2016\/05\/IMG_0642-1-600x368.jpg 600w, https:\/\/alumni.lerbermatt.ch\/wp-content\/uploads\/2016\/05\/IMG_0642-1-900x553.jpg 900w\" sizes=\"(max-width: 605px) 100vw, 605px\" \/><\/a> <a href=\"https:\/\/alumni.lerbermatt.ch\/wp-content\/uploads\/2016\/05\/IMG_0638-1.jpg\" rel=\"attachment wp-att-298\"><img loading=\"lazy\" decoding=\"async\" class=\"alignnone size-large wp-image-298\" src=\"https:\/\/alumni.lerbermatt.ch\/wp-content\/uploads\/2016\/05\/IMG_0638-1-901x1024.jpg\" alt=\"IMG_0638\" width=\"605\" height=\"688\" srcset=\"https:\/\/alumni.lerbermatt.ch\/wp-content\/uploads\/2016\/05\/IMG_0638-1-901x1024.jpg 901w, https:\/\/alumni.lerbermatt.ch\/wp-content\/uploads\/2016\/05\/IMG_0638-1-264x300.jpg 264w, https:\/\/alumni.lerbermatt.ch\/wp-content\/uploads\/2016\/05\/IMG_0638-1-768x872.jpg 768w, https:\/\/alumni.lerbermatt.ch\/wp-content\/uploads\/2016\/05\/IMG_0638-1-100x114.jpg 100w, https:\/\/alumni.lerbermatt.ch\/wp-content\/uploads\/2016\/05\/IMG_0638-1-150x170.jpg 150w, https:\/\/alumni.lerbermatt.ch\/wp-content\/uploads\/2016\/05\/IMG_0638-1-200x227.jpg 200w, https:\/\/alumni.lerbermatt.ch\/wp-content\/uploads\/2016\/05\/IMG_0638-1-300x341.jpg 300w, https:\/\/alumni.lerbermatt.ch\/wp-content\/uploads\/2016\/05\/IMG_0638-1-450x511.jpg 450w, https:\/\/alumni.lerbermatt.ch\/wp-content\/uploads\/2016\/05\/IMG_0638-1-600x682.jpg 600w, https:\/\/alumni.lerbermatt.ch\/wp-content\/uploads\/2016\/05\/IMG_0638-1-900x1022.jpg 900w\" sizes=\"(max-width: 605px) 100vw, 605px\" \/><\/a> <a href=\"https:\/\/alumni.lerbermatt.ch\/wp-content\/uploads\/2016\/05\/IMG_0640-1.jpg\" rel=\"attachment wp-att-299\"><img loading=\"lazy\" decoding=\"async\" class=\"alignnone size-large wp-image-299\" src=\"https:\/\/alumni.lerbermatt.ch\/wp-content\/uploads\/2016\/05\/IMG_0640-1-1024x642.jpg\" alt=\"IMG_0640\" width=\"605\" height=\"379\" srcset=\"https:\/\/alumni.lerbermatt.ch\/wp-content\/uploads\/2016\/05\/IMG_0640-1-1024x642.jpg 1024w, https:\/\/alumni.lerbermatt.ch\/wp-content\/uploads\/2016\/05\/IMG_0640-1-300x188.jpg 300w, https:\/\/alumni.lerbermatt.ch\/wp-content\/uploads\/2016\/05\/IMG_0640-1-768x482.jpg 768w, https:\/\/alumni.lerbermatt.ch\/wp-content\/uploads\/2016\/05\/IMG_0640-1-100x63.jpg 100w, https:\/\/alumni.lerbermatt.ch\/wp-content\/uploads\/2016\/05\/IMG_0640-1-150x94.jpg 150w, https:\/\/alumni.lerbermatt.ch\/wp-content\/uploads\/2016\/05\/IMG_0640-1-200x125.jpg 200w, https:\/\/alumni.lerbermatt.ch\/wp-content\/uploads\/2016\/05\/IMG_0640-1-450x282.jpg 450w, https:\/\/alumni.lerbermatt.ch\/wp-content\/uploads\/2016\/05\/IMG_0640-1-600x376.jpg 600w, https:\/\/alumni.lerbermatt.ch\/wp-content\/uploads\/2016\/05\/IMG_0640-1-900x565.jpg 900w\" sizes=\"(max-width: 605px) 100vw, 605px\" \/><\/a> <a href=\"https:\/\/alumni.lerbermatt.ch\/wp-content\/uploads\/2016\/05\/IMG_0636-1.jpg\" rel=\"attachment wp-att-297\"><img loading=\"lazy\" decoding=\"async\" class=\"alignnone size-large wp-image-297\" src=\"https:\/\/alumni.lerbermatt.ch\/wp-content\/uploads\/2016\/05\/IMG_0636-1-1024x561.jpg\" alt=\"IMG_0636\" width=\"605\" height=\"331\" srcset=\"https:\/\/alumni.lerbermatt.ch\/wp-content\/uploads\/2016\/05\/IMG_0636-1-1024x561.jpg 1024w, https:\/\/alumni.lerbermatt.ch\/wp-content\/uploads\/2016\/05\/IMG_0636-1-300x164.jpg 300w, https:\/\/alumni.lerbermatt.ch\/wp-content\/uploads\/2016\/05\/IMG_0636-1-768x421.jpg 768w, https:\/\/alumni.lerbermatt.ch\/wp-content\/uploads\/2016\/05\/IMG_0636-1-100x55.jpg 100w, https:\/\/alumni.lerbermatt.ch\/wp-content\/uploads\/2016\/05\/IMG_0636-1-150x82.jpg 150w, https:\/\/alumni.lerbermatt.ch\/wp-content\/uploads\/2016\/05\/IMG_0636-1-200x110.jpg 200w, https:\/\/alumni.lerbermatt.ch\/wp-content\/uploads\/2016\/05\/IMG_0636-1-450x246.jpg 450w, https:\/\/alumni.lerbermatt.ch\/wp-content\/uploads\/2016\/05\/IMG_0636-1-600x329.jpg 600w, https:\/\/alumni.lerbermatt.ch\/wp-content\/uploads\/2016\/05\/IMG_0636-1-900x493.jpg 900w\" sizes=\"(max-width: 605px) 100vw, 605px\" \/><\/a><\/p>\n","protected":false},"excerpt":{"rendered":"<p>Der Freitag der 13. (Mai) war der Gl\u00fcckstag f\u00fcr die Alumni, welche in den Genuss des diesj\u00e4hrigen Theater- und Musikprojekts &#8222;Blutsbr\u00fcder&#8220; kamen. Die Trag\u00f6die \u00fcber Jugendliebe und Klassenk\u00e4mpfen war\u00a0eine gelungene Kombination von pfiffiger Leichtigkeit und &#8211; trotz erfrischendem Weissewein beim Ap\u00e9ro im Lehrerzimmer &#8211; schwer verdaulichen Gesellschaftsbeobachtungen. Vielen Dank den engagierten SchauspielerInnen, S\u00e4ngerInnen, MusikantInnen und [&hellip;]<\/p>\n","protected":false},"author":2,"featured_media":0,"comment_status":"open","ping_status":"open","sticky":false,"template":"","format":"standard","meta":{"footnotes":""},"categories":[1],"tags":[],"_links":{"self":[{"href":"https:\/\/alumni.lerbermatt.ch\/index.php?rest_route=\/wp\/v2\/posts\/291"}],"collection":[{"href":"https:\/\/alumni.lerbermatt.ch\/index.php?rest_route=\/wp\/v2\/posts"}],"about":[{"href":"https:\/\/alumni.lerbermatt.ch\/index.php?rest_route=\/wp\/v2\/types\/post"}],"author":[{"embeddable":true,"href":"https:\/\/alumni.lerbermatt.ch\/index.php?rest_route=\/wp\/v2\/users\/2"}],"replies":[{"embeddable":true,"href":"https:\/\/alumni.lerbermatt.ch\/index.php?rest_route=%2Fwp%2Fv2%2Fcomments&post=291"}],"version-history":[{"count":2,"href":"https:\/\/alumni.lerbermatt.ch\/index.php?rest_route=\/wp\/v2\/posts\/291\/revisions"}],"predecessor-version":[{"id":302,"href":"https:\/\/alumni.lerbermatt.ch\/index.php?rest_route=\/wp\/v2\/posts\/291\/revisions\/302"}],"wp:attachment":[{"href":"https:\/\/alumni.lerbermatt.ch\/index.php?rest_route=%2Fwp%2Fv2%2Fmedia&parent=291"}],"wp:term":[{"taxonomy":"category","embeddable":true,"href":"https:\/\/alumni.lerbermatt.ch\/index.php?rest_route=%2Fwp%2Fv2%2Fcategories&post=291"},{"taxonomy":"post_tag","embeddable":true,"href":"https:\/\/alumni.lerbermatt.ch\/index.php?rest_route=%2Fwp%2Fv2%2Ftags&post=291"}],"curies":[{"name":"wp","href":"https:\/\/api.w.org\/{rel}","templated":true}]}}