{"id":278,"date":"2015-09-11T20:28:00","date_gmt":"2015-09-11T18:28:00","guid":{"rendered":"https:\/\/alumni.lerbermatt.ch\/?p=278"},"modified":"2015-09-11T20:28:00","modified_gmt":"2015-09-11T18:28:00","slug":"mitgliederversammlung-2015","status":"publish","type":"post","link":"https:\/\/alumni.lerbermatt.ch\/?p=278","title":{"rendered":"Mitgliederversammlung 2015"},"content":{"rendered":"<p>10. September 2015: Die Mitgliederversammlung war zweigeteilt: Erstens wurde im Sitzungszimmer auf das vergangene Vereinsjahr zur\u00fcck- und auf das kommende vorausgeschaut, die Statuten zweckm\u00e4ssiger gestaltet, \u00fcber die Jahresrechnung befunden und gew\u00e4hlt. Zweitens lud der Verein gleich anschliessend zum Barbecue im Freien ein. Bei Wurst und Salaten dauerte der gesellige Ausklang bis zum verdienten Feierabend des Hausdienstes um 22 Uhr.<\/p>\n<p>Die Essenz der Besprechung:<\/p>\n<ul>\n<li>Der bisherige Vorstand wurde einstimmig wiedergew\u00e4hlt.<\/li>\n<li>Die Jahresrechnung 2014 \/ 2015 wurde angenommen.<\/li>\n<li>Der Vorschlag aus dem Vorstand, ein online zug\u00e4ngliches Verzeichnis mit Alumni von verschiedenen Fachrichtungen und Hochschulen und solche, die einen alternativen Weg gew\u00e4hlt haben\u00a0den jetzigen GymnasiastInnen zug\u00e4nglich zu machen wurde diskutiert und f\u00fcr realisierungsw\u00fcrdig befunden. Klar ist, dass wir bei der Suche nach Freiwilligen auf unsere Mitglieder und deren Netzwerke angewiesen sein werden. Falls du Interesse hast, bei Fragen zu deiner (Hoch)schule oder deinem (Studien)fach Auskunft zu geben, dann melde dich doch mit einer Mail an <a href=\"mailto:alumni@lerbermatt.ch\">alumni@lerbermatt.ch<\/a>.<\/li>\n<li>Die Statuten werden dahingehend ge\u00e4ndert, dass das Verinsjahr neu vom 1. August bis am 31. Juli dauert. F\u00fcr die Mitglieder d\u00fcrfte dies keine \u00c4nderungen mit sich bringen.<\/li>\n<\/ul>\n<p>&nbsp;<\/p>\n<p><a href=\"https:\/\/alumni.lerbermatt.ch\/wp-content\/uploads\/2015\/09\/IMG_0325.jpg\"><img loading=\"lazy\" decoding=\"async\" class=\"alignnone size-large wp-image-279\" src=\"https:\/\/alumni.lerbermatt.ch\/wp-content\/uploads\/2015\/09\/IMG_0325-859x1024.jpg\" alt=\"IMG_0325\" width=\"605\" height=\"721\" srcset=\"https:\/\/alumni.lerbermatt.ch\/wp-content\/uploads\/2015\/09\/IMG_0325-859x1024.jpg 859w, https:\/\/alumni.lerbermatt.ch\/wp-content\/uploads\/2015\/09\/IMG_0325-252x300.jpg 252w, https:\/\/alumni.lerbermatt.ch\/wp-content\/uploads\/2015\/09\/IMG_0325-100x119.jpg 100w, https:\/\/alumni.lerbermatt.ch\/wp-content\/uploads\/2015\/09\/IMG_0325-150x179.jpg 150w, https:\/\/alumni.lerbermatt.ch\/wp-content\/uploads\/2015\/09\/IMG_0325-200x238.jpg 200w, https:\/\/alumni.lerbermatt.ch\/wp-content\/uploads\/2015\/09\/IMG_0325-300x358.jpg 300w, https:\/\/alumni.lerbermatt.ch\/wp-content\/uploads\/2015\/09\/IMG_0325-450x537.jpg 450w, https:\/\/alumni.lerbermatt.ch\/wp-content\/uploads\/2015\/09\/IMG_0325-600x715.jpg 600w, https:\/\/alumni.lerbermatt.ch\/wp-content\/uploads\/2015\/09\/IMG_0325-900x1073.jpg 900w\" sizes=\"(max-width: 605px) 100vw, 605px\" \/><\/a> <a href=\"https:\/\/alumni.lerbermatt.ch\/wp-content\/uploads\/2015\/09\/IMG_0329.jpg\"><img loading=\"lazy\" decoding=\"async\" class=\"alignnone size-large wp-image-280\" src=\"https:\/\/alumni.lerbermatt.ch\/wp-content\/uploads\/2015\/09\/IMG_0329-1024x683.jpg\" alt=\"IMG_0329\" width=\"605\" height=\"404\" srcset=\"https:\/\/alumni.lerbermatt.ch\/wp-content\/uploads\/2015\/09\/IMG_0329-1024x683.jpg 1024w, https:\/\/alumni.lerbermatt.ch\/wp-content\/uploads\/2015\/09\/IMG_0329-300x200.jpg 300w, https:\/\/alumni.lerbermatt.ch\/wp-content\/uploads\/2015\/09\/IMG_0329-100x67.jpg 100w, https:\/\/alumni.lerbermatt.ch\/wp-content\/uploads\/2015\/09\/IMG_0329-150x100.jpg 150w, https:\/\/alumni.lerbermatt.ch\/wp-content\/uploads\/2015\/09\/IMG_0329-200x133.jpg 200w, https:\/\/alumni.lerbermatt.ch\/wp-content\/uploads\/2015\/09\/IMG_0329-450x300.jpg 450w, https:\/\/alumni.lerbermatt.ch\/wp-content\/uploads\/2015\/09\/IMG_0329-600x400.jpg 600w, https:\/\/alumni.lerbermatt.ch\/wp-content\/uploads\/2015\/09\/IMG_0329-900x601.jpg 900w\" sizes=\"(max-width: 605px) 100vw, 605px\" \/><\/a> <a href=\"https:\/\/alumni.lerbermatt.ch\/wp-content\/uploads\/2015\/09\/IMG_0341.jpg\"><img loading=\"lazy\" decoding=\"async\" class=\"alignnone size-large wp-image-281\" src=\"https:\/\/alumni.lerbermatt.ch\/wp-content\/uploads\/2015\/09\/IMG_0341-683x1024.jpg\" alt=\"IMG_0341\" width=\"605\" height=\"907\" srcset=\"https:\/\/alumni.lerbermatt.ch\/wp-content\/uploads\/2015\/09\/IMG_0341-683x1024.jpg 683w, https:\/\/alumni.lerbermatt.ch\/wp-content\/uploads\/2015\/09\/IMG_0341-200x300.jpg 200w, https:\/\/alumni.lerbermatt.ch\/wp-content\/uploads\/2015\/09\/IMG_0341-100x150.jpg 100w, https:\/\/alumni.lerbermatt.ch\/wp-content\/uploads\/2015\/09\/IMG_0341-150x225.jpg 150w, https:\/\/alumni.lerbermatt.ch\/wp-content\/uploads\/2015\/09\/IMG_0341-300x450.jpg 300w, https:\/\/alumni.lerbermatt.ch\/wp-content\/uploads\/2015\/09\/IMG_0341-450x675.jpg 450w, https:\/\/alumni.lerbermatt.ch\/wp-content\/uploads\/2015\/09\/IMG_0341-600x900.jpg 600w, https:\/\/alumni.lerbermatt.ch\/wp-content\/uploads\/2015\/09\/IMG_0341-900x1350.jpg 900w\" sizes=\"(max-width: 605px) 100vw, 605px\" \/><\/a> <a href=\"https:\/\/alumni.lerbermatt.ch\/wp-content\/uploads\/2015\/09\/IMG_0345.jpg\"><img loading=\"lazy\" decoding=\"async\" class=\"alignnone size-large wp-image-282\" src=\"https:\/\/alumni.lerbermatt.ch\/wp-content\/uploads\/2015\/09\/IMG_0345-1024x683.jpg\" alt=\"IMG_0345\" width=\"605\" height=\"404\" srcset=\"https:\/\/alumni.lerbermatt.ch\/wp-content\/uploads\/2015\/09\/IMG_0345-1024x683.jpg 1024w, https:\/\/alumni.lerbermatt.ch\/wp-content\/uploads\/2015\/09\/IMG_0345-300x200.jpg 300w, https:\/\/alumni.lerbermatt.ch\/wp-content\/uploads\/2015\/09\/IMG_0345-100x67.jpg 100w, https:\/\/alumni.lerbermatt.ch\/wp-content\/uploads\/2015\/09\/IMG_0345-150x100.jpg 150w, https:\/\/alumni.lerbermatt.ch\/wp-content\/uploads\/2015\/09\/IMG_0345-200x133.jpg 200w, https:\/\/alumni.lerbermatt.ch\/wp-content\/uploads\/2015\/09\/IMG_0345-450x300.jpg 450w, https:\/\/alumni.lerbermatt.ch\/wp-content\/uploads\/2015\/09\/IMG_0345-600x400.jpg 600w, https:\/\/alumni.lerbermatt.ch\/wp-content\/uploads\/2015\/09\/IMG_0345-900x600.jpg 900w\" sizes=\"(max-width: 605px) 100vw, 605px\" \/><\/a><\/p>\n","protected":false},"excerpt":{"rendered":"<p>10. September 2015: Die Mitgliederversammlung war zweigeteilt: Erstens wurde im Sitzungszimmer auf das vergangene Vereinsjahr zur\u00fcck- und auf das kommende vorausgeschaut, die Statuten zweckm\u00e4ssiger gestaltet, \u00fcber die Jahresrechnung befunden und gew\u00e4hlt. Zweitens lud der Verein gleich anschliessend zum Barbecue im Freien ein. Bei Wurst und Salaten dauerte der gesellige Ausklang bis zum verdienten Feierabend des [&hellip;]<\/p>\n","protected":false},"author":2,"featured_media":0,"comment_status":"open","ping_status":"open","sticky":false,"template":"","format":"standard","meta":{"footnotes":""},"categories":[1],"tags":[],"_links":{"self":[{"href":"https:\/\/alumni.lerbermatt.ch\/index.php?rest_route=\/wp\/v2\/posts\/278"}],"collection":[{"href":"https:\/\/alumni.lerbermatt.ch\/index.php?rest_route=\/wp\/v2\/posts"}],"about":[{"href":"https:\/\/alumni.lerbermatt.ch\/index.php?rest_route=\/wp\/v2\/types\/post"}],"author":[{"embeddable":true,"href":"https:\/\/alumni.lerbermatt.ch\/index.php?rest_route=\/wp\/v2\/users\/2"}],"replies":[{"embeddable":true,"href":"https:\/\/alumni.lerbermatt.ch\/index.php?rest_route=%2Fwp%2Fv2%2Fcomments&post=278"}],"version-history":[{"count":4,"href":"https:\/\/alumni.lerbermatt.ch\/index.php?rest_route=\/wp\/v2\/posts\/278\/revisions"}],"predecessor-version":[{"id":286,"href":"https:\/\/alumni.lerbermatt.ch\/index.php?rest_route=\/wp\/v2\/posts\/278\/revisions\/286"}],"wp:attachment":[{"href":"https:\/\/alumni.lerbermatt.ch\/index.php?rest_route=%2Fwp%2Fv2%2Fmedia&parent=278"}],"wp:term":[{"taxonomy":"category","embeddable":true,"href":"https:\/\/alumni.lerbermatt.ch\/index.php?rest_route=%2Fwp%2Fv2%2Fcategories&post=278"},{"taxonomy":"post_tag","embeddable":true,"href":"https:\/\/alumni.lerbermatt.ch\/index.php?rest_route=%2Fwp%2Fv2%2Ftags&post=278"}],"curies":[{"name":"wp","href":"https:\/\/api.w.org\/{rel}","templated":true}]}}