{"id":268,"date":"2015-06-28T09:23:39","date_gmt":"2015-06-28T07:23:39","guid":{"rendered":"https:\/\/alumni.lerbermatt.ch\/?p=268"},"modified":"2015-06-28T09:23:39","modified_gmt":"2015-06-28T07:23:39","slug":"maturfeier-2015-erster-alumni-schuelerpreis","status":"publish","type":"post","link":"https:\/\/alumni.lerbermatt.ch\/?p=268","title":{"rendered":"Maturfeier 2015: Erster Alumni Sch\u00fclerpreis"},"content":{"rendered":"<p>27. Juni 2015: Wir gratulieren allen 211 Maturadinnen und Maturanden zum Bestehen der Pr\u00fcfungen und heissen sie herzlich bei den Ehemaligen willkommen!<\/p>\n<p>Der erstmals vergebene Sch\u00fclerpreis der Alumni GKL w\u00fcrdigt das nicht notenrelevante Engagement von Maturandinnen und Maturanden. Menschen, die \u00fcber ihren Tellerrand hinausschauen und sich f\u00fcr die Mitmenschen in den Dienst einer guten Sache stellen, bilden das R\u00fcckgrat unserer Zivilgesellschaft. Doch sie investieren nicht nur Lebenszeit und Energie, sondern eignen sich wertvolle zwischenmenschliche und organisatorische Kompetenzen an.<\/p>\n<p>&nbsp;<\/p>\n<p><strong>Isabelle Feller<\/strong><\/p>\n<p>hat als \u00e4usserst engagierte Pr\u00e4sidentin der Sch\u00fclerorganisation neues Leben eingehaucht und dabei viel Positives bewirken k\u00f6nnen. Als Reaktion auf die vom Kanton Bern angek\u00fcndigten Sparmassnahmen hat die Sch\u00fclerorganisation aktiv ihre Interessen verteidigt und das Organisieren eines Sch\u00fclerstreiks an die Hand genommen, dem sich mehrere andere Gymnasien angeschlossen haben. Zum Schutz der Umwelt hat sie sich f\u00fcr eine konsequente Trennung und Wiederverwertung des Altpapiers am Gymnasium eingesetzt und in der Mensa ein t\u00e4gliches veganes Menu angeregt. Neben den Pflichtf\u00e4chern f\u00fchrte Isabelle Feller im Rahmen der traditionellen Kamingespr\u00e4che zusammen mit Mitsch\u00fclerinnen und Mitsch\u00fclern angeregte Podiumsdiskussionen mit dem Generaldirektor der globalen Operationen der Nestl\u00e9 AG, Jos\u00e9 Lopez, und den beiden Berner Nationalr\u00e4ten Matthias Aebischer und Christian Wasserfallen. Ausserdem war Isabelle Feller im Redaktionsteam der Maturzeitung und gesch\u00e4tzte Klassenchefin.<\/p>\n<p>&nbsp;<\/p>\n<p><strong>Damien Ruggli<\/strong><\/p>\n<p>hat mit Souver\u00e4nit\u00e4t das allj\u00e4hrliche Fussballturnier Schinkencup organisiert. Im Rahmen der traditionsreichen Kamingespr\u00e4che moderierte Damien Ruggli zusammen mit anderen Sch\u00fclerinnen und Sch\u00fclern anregende Podiumsdiskussionen mit dem Generaldirektor der globalen Operationen der Nestl\u00e9 AG, Jos\u00e9 Lopez, und den beiden Berner Nationalr\u00e4ten Matthias Aebischer und Christian Wasserfallen. Zur Erinnerung an die Gymnasialzeit initiierte Damien Ruggli die Gestaltung und Herstellung eines Pullovers f\u00fcr seinen Abschlussjahrgang. Ausserdem co-moderierte er den gelungenen Maturscherz in der Aula und wurde vielfach als Kommunikator zwischen Klassen und Jahrg\u00e4ngen gelobt.<\/p>\n<p>&nbsp;<\/p>\n<p>Mit diesem breiten Engagement haben die beiden Ausgezeichneten den Preis mehr als verdient. Noch einmal herzliche Gratulation! Es freut uns ausserordentlich, dass sich beide zu einer Mitgliedschaft im\u00a0Verein entschlossen haben.<\/p>\n<p>&nbsp;<\/p>\n<p><img loading=\"lazy\" decoding=\"async\" class=\"alignnone size-large wp-image-269\" src=\"https:\/\/alumni.lerbermatt.ch\/wp-content\/uploads\/2015\/06\/IMG_9947-1024x683.jpg\" alt=\"IMG_9947\" width=\"605\" height=\"404\" srcset=\"https:\/\/alumni.lerbermatt.ch\/wp-content\/uploads\/2015\/06\/IMG_9947-1024x683.jpg 1024w, https:\/\/alumni.lerbermatt.ch\/wp-content\/uploads\/2015\/06\/IMG_9947-300x200.jpg 300w, https:\/\/alumni.lerbermatt.ch\/wp-content\/uploads\/2015\/06\/IMG_9947-100x67.jpg 100w, https:\/\/alumni.lerbermatt.ch\/wp-content\/uploads\/2015\/06\/IMG_9947-150x100.jpg 150w, https:\/\/alumni.lerbermatt.ch\/wp-content\/uploads\/2015\/06\/IMG_9947-200x133.jpg 200w, https:\/\/alumni.lerbermatt.ch\/wp-content\/uploads\/2015\/06\/IMG_9947-450x300.jpg 450w, https:\/\/alumni.lerbermatt.ch\/wp-content\/uploads\/2015\/06\/IMG_9947-600x400.jpg 600w, https:\/\/alumni.lerbermatt.ch\/wp-content\/uploads\/2015\/06\/IMG_9947-900x600.jpg 900w\" sizes=\"(max-width: 605px) 100vw, 605px\" \/><a href=\"https:\/\/alumni.lerbermatt.ch\/wp-content\/uploads\/2015\/06\/IMG_9978.jpg\"><img loading=\"lazy\" decoding=\"async\" class=\"alignnone size-large wp-image-272\" src=\"https:\/\/alumni.lerbermatt.ch\/wp-content\/uploads\/2015\/06\/IMG_9978-1024x683.jpg\" alt=\"IMG_9978\" width=\"605\" height=\"404\" srcset=\"https:\/\/alumni.lerbermatt.ch\/wp-content\/uploads\/2015\/06\/IMG_9978-1024x683.jpg 1024w, https:\/\/alumni.lerbermatt.ch\/wp-content\/uploads\/2015\/06\/IMG_9978-300x200.jpg 300w, https:\/\/alumni.lerbermatt.ch\/wp-content\/uploads\/2015\/06\/IMG_9978-100x67.jpg 100w, https:\/\/alumni.lerbermatt.ch\/wp-content\/uploads\/2015\/06\/IMG_9978-150x100.jpg 150w, https:\/\/alumni.lerbermatt.ch\/wp-content\/uploads\/2015\/06\/IMG_9978-200x133.jpg 200w, https:\/\/alumni.lerbermatt.ch\/wp-content\/uploads\/2015\/06\/IMG_9978-450x300.jpg 450w, https:\/\/alumni.lerbermatt.ch\/wp-content\/uploads\/2015\/06\/IMG_9978-600x400.jpg 600w, https:\/\/alumni.lerbermatt.ch\/wp-content\/uploads\/2015\/06\/IMG_9978-900x600.jpg 900w\" sizes=\"(max-width: 605px) 100vw, 605px\" \/><\/a><a href=\"https:\/\/alumni.lerbermatt.ch\/wp-content\/uploads\/2015\/06\/IMG_9974.jpg\"><img loading=\"lazy\" decoding=\"async\" class=\"alignnone size-large wp-image-271\" src=\"https:\/\/alumni.lerbermatt.ch\/wp-content\/uploads\/2015\/06\/IMG_9974-683x1024.jpg\" alt=\"IMG_9974\" width=\"605\" height=\"907\" srcset=\"https:\/\/alumni.lerbermatt.ch\/wp-content\/uploads\/2015\/06\/IMG_9974-683x1024.jpg 683w, https:\/\/alumni.lerbermatt.ch\/wp-content\/uploads\/2015\/06\/IMG_9974-200x300.jpg 200w, https:\/\/alumni.lerbermatt.ch\/wp-content\/uploads\/2015\/06\/IMG_9974-100x150.jpg 100w, https:\/\/alumni.lerbermatt.ch\/wp-content\/uploads\/2015\/06\/IMG_9974-150x225.jpg 150w, https:\/\/alumni.lerbermatt.ch\/wp-content\/uploads\/2015\/06\/IMG_9974-300x450.jpg 300w, https:\/\/alumni.lerbermatt.ch\/wp-content\/uploads\/2015\/06\/IMG_9974-450x675.jpg 450w, https:\/\/alumni.lerbermatt.ch\/wp-content\/uploads\/2015\/06\/IMG_9974-600x900.jpg 600w, https:\/\/alumni.lerbermatt.ch\/wp-content\/uploads\/2015\/06\/IMG_9974-900x1350.jpg 900w\" sizes=\"(max-width: 605px) 100vw, 605px\" \/><\/a><a href=\"https:\/\/alumni.lerbermatt.ch\/wp-content\/uploads\/2015\/06\/IMG_9969.jpg\"><img loading=\"lazy\" decoding=\"async\" class=\"alignnone size-large wp-image-270\" src=\"https:\/\/alumni.lerbermatt.ch\/wp-content\/uploads\/2015\/06\/IMG_9969-1024x683.jpg\" alt=\"IMG_9969\" width=\"605\" height=\"404\" srcset=\"https:\/\/alumni.lerbermatt.ch\/wp-content\/uploads\/2015\/06\/IMG_9969-1024x683.jpg 1024w, https:\/\/alumni.lerbermatt.ch\/wp-content\/uploads\/2015\/06\/IMG_9969-300x200.jpg 300w, https:\/\/alumni.lerbermatt.ch\/wp-content\/uploads\/2015\/06\/IMG_9969-100x67.jpg 100w, https:\/\/alumni.lerbermatt.ch\/wp-content\/uploads\/2015\/06\/IMG_9969-150x100.jpg 150w, https:\/\/alumni.lerbermatt.ch\/wp-content\/uploads\/2015\/06\/IMG_9969-200x133.jpg 200w, https:\/\/alumni.lerbermatt.ch\/wp-content\/uploads\/2015\/06\/IMG_9969-450x300.jpg 450w, https:\/\/alumni.lerbermatt.ch\/wp-content\/uploads\/2015\/06\/IMG_9969-600x400.jpg 600w, https:\/\/alumni.lerbermatt.ch\/wp-content\/uploads\/2015\/06\/IMG_9969-900x600.jpg 900w\" sizes=\"(max-width: 605px) 100vw, 605px\" \/><\/a><\/p>\n","protected":false},"excerpt":{"rendered":"<p>27. Juni 2015: Wir gratulieren allen 211 Maturadinnen und Maturanden zum Bestehen der Pr\u00fcfungen und heissen sie herzlich bei den Ehemaligen willkommen! Der erstmals vergebene Sch\u00fclerpreis der Alumni GKL w\u00fcrdigt das nicht notenrelevante Engagement von Maturandinnen und Maturanden. Menschen, die \u00fcber ihren Tellerrand hinausschauen und sich f\u00fcr die Mitmenschen in den Dienst einer guten Sache [&hellip;]<\/p>\n","protected":false},"author":2,"featured_media":0,"comment_status":"open","ping_status":"open","sticky":false,"template":"","format":"standard","meta":{"footnotes":""},"categories":[1],"tags":[],"_links":{"self":[{"href":"https:\/\/alumni.lerbermatt.ch\/index.php?rest_route=\/wp\/v2\/posts\/268"}],"collection":[{"href":"https:\/\/alumni.lerbermatt.ch\/index.php?rest_route=\/wp\/v2\/posts"}],"about":[{"href":"https:\/\/alumni.lerbermatt.ch\/index.php?rest_route=\/wp\/v2\/types\/post"}],"author":[{"embeddable":true,"href":"https:\/\/alumni.lerbermatt.ch\/index.php?rest_route=\/wp\/v2\/users\/2"}],"replies":[{"embeddable":true,"href":"https:\/\/alumni.lerbermatt.ch\/index.php?rest_route=%2Fwp%2Fv2%2Fcomments&post=268"}],"version-history":[{"count":2,"href":"https:\/\/alumni.lerbermatt.ch\/index.php?rest_route=\/wp\/v2\/posts\/268\/revisions"}],"predecessor-version":[{"id":274,"href":"https:\/\/alumni.lerbermatt.ch\/index.php?rest_route=\/wp\/v2\/posts\/268\/revisions\/274"}],"wp:attachment":[{"href":"https:\/\/alumni.lerbermatt.ch\/index.php?rest_route=%2Fwp%2Fv2%2Fmedia&parent=268"}],"wp:term":[{"taxonomy":"category","embeddable":true,"href":"https:\/\/alumni.lerbermatt.ch\/index.php?rest_route=%2Fwp%2Fv2%2Fcategories&post=268"},{"taxonomy":"post_tag","embeddable":true,"href":"https:\/\/alumni.lerbermatt.ch\/index.php?rest_route=%2Fwp%2Fv2%2Ftags&post=268"}],"curies":[{"name":"wp","href":"https:\/\/api.w.org\/{rel}","templated":true}]}}