{"id":242,"date":"2015-03-24T00:12:20","date_gmt":"2015-03-23T22:12:20","guid":{"rendered":"https:\/\/alumni.lerbermatt.ch\/?p=242"},"modified":"2015-03-24T00:12:20","modified_gmt":"2015-03-23T22:12:20","slug":"infoveranstaltung-militaer-zivildienst-ut","status":"publish","type":"post","link":"https:\/\/alumni.lerbermatt.ch\/?p=242","title":{"rendered":"Infoveranstaltung Milit\u00e4r \/ Zivildienst \/ UT"},"content":{"rendered":"<p>23. M\u00e4rz 2015: Luca, Simon und Lukas berichten im Chemin\u00e9eraum interessierten Gymnasiasten von ihren dienstlichen Erfahrungen, geben Tipps f\u00fcr einen optimal studienkompatiblen und spannenden Einsatz und beantworten individuelle Fragen. Rund f\u00fcnfundzwanzig haben vom Angebot Gebrauch gemacht.<\/p>\n<p>Vielen Dank an Jil f\u00fcr die tollen Fotos und an unseren Gast Luca f\u00fcr seien engagierten Auftritt!<\/p>\n<p><a href=\"https:\/\/alumni.lerbermatt.ch\/wp-content\/uploads\/2015\/03\/IMG_9687.jpg\"><img loading=\"lazy\" decoding=\"async\" class=\"alignnone size-large wp-image-243\" src=\"https:\/\/alumni.lerbermatt.ch\/wp-content\/uploads\/2015\/03\/IMG_9687-682x1024.jpg\" alt=\"IMG_9687\" width=\"605\" height=\"908\" srcset=\"https:\/\/alumni.lerbermatt.ch\/wp-content\/uploads\/2015\/03\/IMG_9687-682x1024.jpg 682w, https:\/\/alumni.lerbermatt.ch\/wp-content\/uploads\/2015\/03\/IMG_9687-200x299.jpg 200w, https:\/\/alumni.lerbermatt.ch\/wp-content\/uploads\/2015\/03\/IMG_9687-100x149.jpg 100w, https:\/\/alumni.lerbermatt.ch\/wp-content\/uploads\/2015\/03\/IMG_9687-150x224.jpg 150w, https:\/\/alumni.lerbermatt.ch\/wp-content\/uploads\/2015\/03\/IMG_9687-300x449.jpg 300w, https:\/\/alumni.lerbermatt.ch\/wp-content\/uploads\/2015\/03\/IMG_9687-450x674.jpg 450w, https:\/\/alumni.lerbermatt.ch\/wp-content\/uploads\/2015\/03\/IMG_9687-600x899.jpg 600w, https:\/\/alumni.lerbermatt.ch\/wp-content\/uploads\/2015\/03\/IMG_9687-900x1349.jpg 900w\" sizes=\"(max-width: 605px) 100vw, 605px\" \/><\/a> <a href=\"https:\/\/alumni.lerbermatt.ch\/wp-content\/uploads\/2015\/03\/IMG_9722.jpg\"><img loading=\"lazy\" decoding=\"async\" class=\"alignnone size-large wp-image-244\" src=\"https:\/\/alumni.lerbermatt.ch\/wp-content\/uploads\/2015\/03\/IMG_9722-682x1024.jpg\" alt=\"IMG_9722\" width=\"605\" height=\"908\" srcset=\"https:\/\/alumni.lerbermatt.ch\/wp-content\/uploads\/2015\/03\/IMG_9722-682x1024.jpg 682w, https:\/\/alumni.lerbermatt.ch\/wp-content\/uploads\/2015\/03\/IMG_9722-200x300.jpg 200w, https:\/\/alumni.lerbermatt.ch\/wp-content\/uploads\/2015\/03\/IMG_9722-100x150.jpg 100w, https:\/\/alumni.lerbermatt.ch\/wp-content\/uploads\/2015\/03\/IMG_9722-150x225.jpg 150w, https:\/\/alumni.lerbermatt.ch\/wp-content\/uploads\/2015\/03\/IMG_9722-300x450.jpg 300w, https:\/\/alumni.lerbermatt.ch\/wp-content\/uploads\/2015\/03\/IMG_9722-450x675.jpg 450w, https:\/\/alumni.lerbermatt.ch\/wp-content\/uploads\/2015\/03\/IMG_9722-600x900.jpg 600w, https:\/\/alumni.lerbermatt.ch\/wp-content\/uploads\/2015\/03\/IMG_9722-900x1350.jpg 900w\" sizes=\"(max-width: 605px) 100vw, 605px\" \/><\/a> <a href=\"https:\/\/alumni.lerbermatt.ch\/wp-content\/uploads\/2015\/03\/IMG_9724.jpg\"><img loading=\"lazy\" decoding=\"async\" class=\"alignnone size-large wp-image-245\" src=\"https:\/\/alumni.lerbermatt.ch\/wp-content\/uploads\/2015\/03\/IMG_9724-680x1024.jpg\" alt=\"IMG_9724\" width=\"605\" height=\"911\" srcset=\"https:\/\/alumni.lerbermatt.ch\/wp-content\/uploads\/2015\/03\/IMG_9724-680x1024.jpg 680w, https:\/\/alumni.lerbermatt.ch\/wp-content\/uploads\/2015\/03\/IMG_9724-199x300.jpg 199w, https:\/\/alumni.lerbermatt.ch\/wp-content\/uploads\/2015\/03\/IMG_9724-100x150.jpg 100w, https:\/\/alumni.lerbermatt.ch\/wp-content\/uploads\/2015\/03\/IMG_9724-150x225.jpg 150w, https:\/\/alumni.lerbermatt.ch\/wp-content\/uploads\/2015\/03\/IMG_9724-200x300.jpg 200w, https:\/\/alumni.lerbermatt.ch\/wp-content\/uploads\/2015\/03\/IMG_9724-300x451.jpg 300w, https:\/\/alumni.lerbermatt.ch\/wp-content\/uploads\/2015\/03\/IMG_9724-600x902.jpg 600w, https:\/\/alumni.lerbermatt.ch\/wp-content\/uploads\/2015\/03\/IMG_9724-900x1353.jpg 900w\" sizes=\"(max-width: 605px) 100vw, 605px\" \/><\/a> <a href=\"https:\/\/alumni.lerbermatt.ch\/wp-content\/uploads\/2015\/03\/IMG_9730.jpg\"><img loading=\"lazy\" decoding=\"async\" class=\"alignnone size-large wp-image-246\" src=\"https:\/\/alumni.lerbermatt.ch\/wp-content\/uploads\/2015\/03\/IMG_9730-680x1024.jpg\" alt=\"IMG_9730\" width=\"605\" height=\"911\" srcset=\"https:\/\/alumni.lerbermatt.ch\/wp-content\/uploads\/2015\/03\/IMG_9730-680x1024.jpg 680w, https:\/\/alumni.lerbermatt.ch\/wp-content\/uploads\/2015\/03\/IMG_9730-199x300.jpg 199w, https:\/\/alumni.lerbermatt.ch\/wp-content\/uploads\/2015\/03\/IMG_9730-100x150.jpg 100w, https:\/\/alumni.lerbermatt.ch\/wp-content\/uploads\/2015\/03\/IMG_9730-150x225.jpg 150w, https:\/\/alumni.lerbermatt.ch\/wp-content\/uploads\/2015\/03\/IMG_9730-200x300.jpg 200w, https:\/\/alumni.lerbermatt.ch\/wp-content\/uploads\/2015\/03\/IMG_9730-300x451.jpg 300w, https:\/\/alumni.lerbermatt.ch\/wp-content\/uploads\/2015\/03\/IMG_9730-600x902.jpg 600w, https:\/\/alumni.lerbermatt.ch\/wp-content\/uploads\/2015\/03\/IMG_9730-900x1353.jpg 900w\" sizes=\"(max-width: 605px) 100vw, 605px\" \/><\/a> <a href=\"https:\/\/alumni.lerbermatt.ch\/wp-content\/uploads\/2015\/03\/IMG_9750.jpg\"><img loading=\"lazy\" decoding=\"async\" class=\"alignnone size-large wp-image-247\" src=\"https:\/\/alumni.lerbermatt.ch\/wp-content\/uploads\/2015\/03\/IMG_9750-682x1024.jpg\" alt=\"IMG_9750\" width=\"605\" height=\"908\" srcset=\"https:\/\/alumni.lerbermatt.ch\/wp-content\/uploads\/2015\/03\/IMG_9750-682x1024.jpg 682w, https:\/\/alumni.lerbermatt.ch\/wp-content\/uploads\/2015\/03\/IMG_9750-200x300.jpg 200w, https:\/\/alumni.lerbermatt.ch\/wp-content\/uploads\/2015\/03\/IMG_9750-100x150.jpg 100w, https:\/\/alumni.lerbermatt.ch\/wp-content\/uploads\/2015\/03\/IMG_9750-150x225.jpg 150w, https:\/\/alumni.lerbermatt.ch\/wp-content\/uploads\/2015\/03\/IMG_9750-300x450.jpg 300w, https:\/\/alumni.lerbermatt.ch\/wp-content\/uploads\/2015\/03\/IMG_9750-450x675.jpg 450w, https:\/\/alumni.lerbermatt.ch\/wp-content\/uploads\/2015\/03\/IMG_9750-600x900.jpg 600w, https:\/\/alumni.lerbermatt.ch\/wp-content\/uploads\/2015\/03\/IMG_9750-900x1350.jpg 900w\" sizes=\"(max-width: 605px) 100vw, 605px\" \/><\/a> <a href=\"https:\/\/alumni.lerbermatt.ch\/wp-content\/uploads\/2015\/03\/IMG_9759.jpg\"><img loading=\"lazy\" decoding=\"async\" class=\"alignnone size-large wp-image-248\" src=\"https:\/\/alumni.lerbermatt.ch\/wp-content\/uploads\/2015\/03\/IMG_9759-1024x686.jpg\" alt=\"IMG_9759\" width=\"605\" height=\"405\" srcset=\"https:\/\/alumni.lerbermatt.ch\/wp-content\/uploads\/2015\/03\/IMG_9759-1024x686.jpg 1024w, https:\/\/alumni.lerbermatt.ch\/wp-content\/uploads\/2015\/03\/IMG_9759-300x201.jpg 300w, https:\/\/alumni.lerbermatt.ch\/wp-content\/uploads\/2015\/03\/IMG_9759-100x67.jpg 100w, https:\/\/alumni.lerbermatt.ch\/wp-content\/uploads\/2015\/03\/IMG_9759-150x100.jpg 150w, https:\/\/alumni.lerbermatt.ch\/wp-content\/uploads\/2015\/03\/IMG_9759-200x134.jpg 200w, https:\/\/alumni.lerbermatt.ch\/wp-content\/uploads\/2015\/03\/IMG_9759-450x301.jpg 450w, https:\/\/alumni.lerbermatt.ch\/wp-content\/uploads\/2015\/03\/IMG_9759-600x402.jpg 600w, https:\/\/alumni.lerbermatt.ch\/wp-content\/uploads\/2015\/03\/IMG_9759-900x603.jpg 900w\" sizes=\"(max-width: 605px) 100vw, 605px\" \/><\/a> <a href=\"https:\/\/alumni.lerbermatt.ch\/wp-content\/uploads\/2015\/03\/IMG_9765.jpg\"><img loading=\"lazy\" decoding=\"async\" class=\"alignnone size-large wp-image-249\" src=\"https:\/\/alumni.lerbermatt.ch\/wp-content\/uploads\/2015\/03\/IMG_9765-682x1024.jpg\" alt=\"IMG_9765\" width=\"605\" height=\"908\" srcset=\"https:\/\/alumni.lerbermatt.ch\/wp-content\/uploads\/2015\/03\/IMG_9765-682x1024.jpg 682w, https:\/\/alumni.lerbermatt.ch\/wp-content\/uploads\/2015\/03\/IMG_9765-200x300.jpg 200w, https:\/\/alumni.lerbermatt.ch\/wp-content\/uploads\/2015\/03\/IMG_9765-100x150.jpg 100w, https:\/\/alumni.lerbermatt.ch\/wp-content\/uploads\/2015\/03\/IMG_9765-150x225.jpg 150w, https:\/\/alumni.lerbermatt.ch\/wp-content\/uploads\/2015\/03\/IMG_9765-300x450.jpg 300w, https:\/\/alumni.lerbermatt.ch\/wp-content\/uploads\/2015\/03\/IMG_9765-450x675.jpg 450w, https:\/\/alumni.lerbermatt.ch\/wp-content\/uploads\/2015\/03\/IMG_9765-600x900.jpg 600w, https:\/\/alumni.lerbermatt.ch\/wp-content\/uploads\/2015\/03\/IMG_9765-900x1350.jpg 900w\" sizes=\"(max-width: 605px) 100vw, 605px\" \/><\/a> <a href=\"https:\/\/alumni.lerbermatt.ch\/wp-content\/uploads\/2015\/03\/IMG_9783.jpg\"><img loading=\"lazy\" decoding=\"async\" class=\"alignnone size-large wp-image-250\" src=\"https:\/\/alumni.lerbermatt.ch\/wp-content\/uploads\/2015\/03\/IMG_9783-682x1024.jpg\" alt=\"IMG_9783\" width=\"605\" height=\"908\" srcset=\"https:\/\/alumni.lerbermatt.ch\/wp-content\/uploads\/2015\/03\/IMG_9783-682x1024.jpg 682w, https:\/\/alumni.lerbermatt.ch\/wp-content\/uploads\/2015\/03\/IMG_9783-200x300.jpg 200w, https:\/\/alumni.lerbermatt.ch\/wp-content\/uploads\/2015\/03\/IMG_9783-100x150.jpg 100w, https:\/\/alumni.lerbermatt.ch\/wp-content\/uploads\/2015\/03\/IMG_9783-150x225.jpg 150w, https:\/\/alumni.lerbermatt.ch\/wp-content\/uploads\/2015\/03\/IMG_9783-300x450.jpg 300w, https:\/\/alumni.lerbermatt.ch\/wp-content\/uploads\/2015\/03\/IMG_9783-450x675.jpg 450w, https:\/\/alumni.lerbermatt.ch\/wp-content\/uploads\/2015\/03\/IMG_9783-600x900.jpg 600w, https:\/\/alumni.lerbermatt.ch\/wp-content\/uploads\/2015\/03\/IMG_9783-900x1350.jpg 900w\" sizes=\"(max-width: 605px) 100vw, 605px\" \/><\/a> <a href=\"https:\/\/alumni.lerbermatt.ch\/wp-content\/uploads\/2015\/03\/IMG_9787.jpg\"><img loading=\"lazy\" decoding=\"async\" class=\"alignnone size-large wp-image-251\" src=\"https:\/\/alumni.lerbermatt.ch\/wp-content\/uploads\/2015\/03\/IMG_9787-684x1024.jpg\" alt=\"IMG_9787\" width=\"605\" height=\"905\" srcset=\"https:\/\/alumni.lerbermatt.ch\/wp-content\/uploads\/2015\/03\/IMG_9787-684x1024.jpg 684w, https:\/\/alumni.lerbermatt.ch\/wp-content\/uploads\/2015\/03\/IMG_9787-200x299.jpg 200w, https:\/\/alumni.lerbermatt.ch\/wp-content\/uploads\/2015\/03\/IMG_9787-100x149.jpg 100w, https:\/\/alumni.lerbermatt.ch\/wp-content\/uploads\/2015\/03\/IMG_9787-150x224.jpg 150w, https:\/\/alumni.lerbermatt.ch\/wp-content\/uploads\/2015\/03\/IMG_9787-300x448.jpg 300w, https:\/\/alumni.lerbermatt.ch\/wp-content\/uploads\/2015\/03\/IMG_9787-450x673.jpg 450w, https:\/\/alumni.lerbermatt.ch\/wp-content\/uploads\/2015\/03\/IMG_9787-600x897.jpg 600w, https:\/\/alumni.lerbermatt.ch\/wp-content\/uploads\/2015\/03\/IMG_9787-900x1346.jpg 900w\" sizes=\"(max-width: 605px) 100vw, 605px\" \/><\/a> <a href=\"https:\/\/alumni.lerbermatt.ch\/wp-content\/uploads\/2015\/03\/IMG_9796.jpg\"><img loading=\"lazy\" decoding=\"async\" class=\"alignnone size-large wp-image-252\" src=\"https:\/\/alumni.lerbermatt.ch\/wp-content\/uploads\/2015\/03\/IMG_9796-680x1024.jpg\" alt=\"IMG_9796\" width=\"605\" height=\"911\" srcset=\"https:\/\/alumni.lerbermatt.ch\/wp-content\/uploads\/2015\/03\/IMG_9796-680x1024.jpg 680w, https:\/\/alumni.lerbermatt.ch\/wp-content\/uploads\/2015\/03\/IMG_9796-199x300.jpg 199w, https:\/\/alumni.lerbermatt.ch\/wp-content\/uploads\/2015\/03\/IMG_9796-100x150.jpg 100w, https:\/\/alumni.lerbermatt.ch\/wp-content\/uploads\/2015\/03\/IMG_9796-150x225.jpg 150w, https:\/\/alumni.lerbermatt.ch\/wp-content\/uploads\/2015\/03\/IMG_9796-200x300.jpg 200w, https:\/\/alumni.lerbermatt.ch\/wp-content\/uploads\/2015\/03\/IMG_9796-300x451.jpg 300w, https:\/\/alumni.lerbermatt.ch\/wp-content\/uploads\/2015\/03\/IMG_9796-600x902.jpg 600w, https:\/\/alumni.lerbermatt.ch\/wp-content\/uploads\/2015\/03\/IMG_9796-900x1353.jpg 900w\" sizes=\"(max-width: 605px) 100vw, 605px\" \/><\/a> <a href=\"https:\/\/alumni.lerbermatt.ch\/wp-content\/uploads\/2015\/03\/IMG_9806.jpg\"><img loading=\"lazy\" decoding=\"async\" class=\"alignnone size-large wp-image-253\" src=\"https:\/\/alumni.lerbermatt.ch\/wp-content\/uploads\/2015\/03\/IMG_9806-682x1024.jpg\" alt=\"IMG_9806\" width=\"605\" height=\"908\" srcset=\"https:\/\/alumni.lerbermatt.ch\/wp-content\/uploads\/2015\/03\/IMG_9806-682x1024.jpg 682w, https:\/\/alumni.lerbermatt.ch\/wp-content\/uploads\/2015\/03\/IMG_9806-200x300.jpg 200w, https:\/\/alumni.lerbermatt.ch\/wp-content\/uploads\/2015\/03\/IMG_9806-100x150.jpg 100w, https:\/\/alumni.lerbermatt.ch\/wp-content\/uploads\/2015\/03\/IMG_9806-150x225.jpg 150w, https:\/\/alumni.lerbermatt.ch\/wp-content\/uploads\/2015\/03\/IMG_9806-300x450.jpg 300w, https:\/\/alumni.lerbermatt.ch\/wp-content\/uploads\/2015\/03\/IMG_9806-450x675.jpg 450w, https:\/\/alumni.lerbermatt.ch\/wp-content\/uploads\/2015\/03\/IMG_9806-600x900.jpg 600w, https:\/\/alumni.lerbermatt.ch\/wp-content\/uploads\/2015\/03\/IMG_9806-900x1350.jpg 900w\" sizes=\"(max-width: 605px) 100vw, 605px\" \/><\/a> <a href=\"https:\/\/alumni.lerbermatt.ch\/wp-content\/uploads\/2015\/03\/IMG_9816.jpg\"><img loading=\"lazy\" decoding=\"async\" class=\"alignnone size-large wp-image-254\" src=\"https:\/\/alumni.lerbermatt.ch\/wp-content\/uploads\/2015\/03\/IMG_9816-682x1024.jpg\" alt=\"IMG_9816\" width=\"605\" height=\"908\" srcset=\"https:\/\/alumni.lerbermatt.ch\/wp-content\/uploads\/2015\/03\/IMG_9816-682x1024.jpg 682w, https:\/\/alumni.lerbermatt.ch\/wp-content\/uploads\/2015\/03\/IMG_9816-200x300.jpg 200w, https:\/\/alumni.lerbermatt.ch\/wp-content\/uploads\/2015\/03\/IMG_9816-100x150.jpg 100w, https:\/\/alumni.lerbermatt.ch\/wp-content\/uploads\/2015\/03\/IMG_9816-150x225.jpg 150w, https:\/\/alumni.lerbermatt.ch\/wp-content\/uploads\/2015\/03\/IMG_9816-300x450.jpg 300w, https:\/\/alumni.lerbermatt.ch\/wp-content\/uploads\/2015\/03\/IMG_9816-450x675.jpg 450w, https:\/\/alumni.lerbermatt.ch\/wp-content\/uploads\/2015\/03\/IMG_9816-600x900.jpg 600w, https:\/\/alumni.lerbermatt.ch\/wp-content\/uploads\/2015\/03\/IMG_9816-900x1350.jpg 900w\" sizes=\"(max-width: 605px) 100vw, 605px\" \/><\/a> <a href=\"https:\/\/alumni.lerbermatt.ch\/wp-content\/uploads\/2015\/03\/IMG_9820.jpg\"><img loading=\"lazy\" decoding=\"async\" class=\"alignnone size-large wp-image-255\" src=\"https:\/\/alumni.lerbermatt.ch\/wp-content\/uploads\/2015\/03\/IMG_9820-682x1024.jpg\" alt=\"IMG_9820\" width=\"605\" height=\"908\" srcset=\"https:\/\/alumni.lerbermatt.ch\/wp-content\/uploads\/2015\/03\/IMG_9820-682x1024.jpg 682w, https:\/\/alumni.lerbermatt.ch\/wp-content\/uploads\/2015\/03\/IMG_9820-200x300.jpg 200w, https:\/\/alumni.lerbermatt.ch\/wp-content\/uploads\/2015\/03\/IMG_9820-100x150.jpg 100w, https:\/\/alumni.lerbermatt.ch\/wp-content\/uploads\/2015\/03\/IMG_9820-150x225.jpg 150w, https:\/\/alumni.lerbermatt.ch\/wp-content\/uploads\/2015\/03\/IMG_9820-300x450.jpg 300w, https:\/\/alumni.lerbermatt.ch\/wp-content\/uploads\/2015\/03\/IMG_9820-450x675.jpg 450w, https:\/\/alumni.lerbermatt.ch\/wp-content\/uploads\/2015\/03\/IMG_9820-600x900.jpg 600w, https:\/\/alumni.lerbermatt.ch\/wp-content\/uploads\/2015\/03\/IMG_9820-900x1350.jpg 900w\" sizes=\"(max-width: 605px) 100vw, 605px\" \/><\/a><\/p>\n","protected":false},"excerpt":{"rendered":"<p>23. M\u00e4rz 2015: Luca, Simon und Lukas berichten im Chemin\u00e9eraum interessierten Gymnasiasten von ihren dienstlichen Erfahrungen, geben Tipps f\u00fcr einen optimal studienkompatiblen und spannenden Einsatz und beantworten individuelle Fragen. Rund f\u00fcnfundzwanzig haben vom Angebot Gebrauch gemacht. Vielen Dank an Jil f\u00fcr die tollen Fotos und an unseren Gast Luca f\u00fcr seien engagierten Auftritt!<\/p>\n","protected":false},"author":2,"featured_media":0,"comment_status":"open","ping_status":"open","sticky":false,"template":"","format":"standard","meta":{"footnotes":""},"categories":[1],"tags":[],"_links":{"self":[{"href":"https:\/\/alumni.lerbermatt.ch\/index.php?rest_route=\/wp\/v2\/posts\/242"}],"collection":[{"href":"https:\/\/alumni.lerbermatt.ch\/index.php?rest_route=\/wp\/v2\/posts"}],"about":[{"href":"https:\/\/alumni.lerbermatt.ch\/index.php?rest_route=\/wp\/v2\/types\/post"}],"author":[{"embeddable":true,"href":"https:\/\/alumni.lerbermatt.ch\/index.php?rest_route=\/wp\/v2\/users\/2"}],"replies":[{"embeddable":true,"href":"https:\/\/alumni.lerbermatt.ch\/index.php?rest_route=%2Fwp%2Fv2%2Fcomments&post=242"}],"version-history":[{"count":1,"href":"https:\/\/alumni.lerbermatt.ch\/index.php?rest_route=\/wp\/v2\/posts\/242\/revisions"}],"predecessor-version":[{"id":256,"href":"https:\/\/alumni.lerbermatt.ch\/index.php?rest_route=\/wp\/v2\/posts\/242\/revisions\/256"}],"wp:attachment":[{"href":"https:\/\/alumni.lerbermatt.ch\/index.php?rest_route=%2Fwp%2Fv2%2Fmedia&parent=242"}],"wp:term":[{"taxonomy":"category","embeddable":true,"href":"https:\/\/alumni.lerbermatt.ch\/index.php?rest_route=%2Fwp%2Fv2%2Fcategories&post=242"},{"taxonomy":"post_tag","embeddable":true,"href":"https:\/\/alumni.lerbermatt.ch\/index.php?rest_route=%2Fwp%2Fv2%2Ftags&post=242"}],"curies":[{"name":"wp","href":"https:\/\/api.w.org\/{rel}","templated":true}]}}