{"id":220,"date":"2014-07-07T18:25:49","date_gmt":"2014-07-07T16:25:49","guid":{"rendered":"https:\/\/alumni.lerbermatt.ch\/?p=220"},"modified":"2014-07-07T18:25:49","modified_gmt":"2014-07-07T16:25:49","slug":"maturfeier-2014","status":"publish","type":"post","link":"https:\/\/alumni.lerbermatt.ch\/?p=220","title":{"rendered":"Maturfeier 2014"},"content":{"rendered":"<p>Alumni GKL gratuliert allen Maturandinnen und Maturanden ganz herzlich zum erworbenen Schl\u00fcssel zur akademischen Welt!<\/p>\n<p>Wir haben die Gelegenheit der Maturfeier beim Schopf gepackt, um uns unserem Zielpublikum und ihren Angeh\u00f6rigen zu pr\u00e4sentieren.<\/p>\n<p>Simon Mosimann hat mit seiner Pr\u00e4sentationen die Erwartungen \u00fcbertroffen. \u00dcber sechzig neue Mitglieder haben sich gleich auf Platz eingeschrieben. Damit ist mehr als ein Viertel des diesj\u00e4hrigen Jahrganges nun Teil des Alumni Netzwerkes! Die handvoll Online-Anmeldungen innerhalb k\u00fcrzester Zeit freuen uns sehr und zeigen klar: Unser benutzerfreundlicher Webauftritt und das Anmeldeformular funktionieren einwandfrei&#8230; Probier es aus!<\/p>\n<p>Nun w\u00fcnschen wir euch, dass ihr die verdienten Sommerferien in vollen Z\u00fcgen geniessen k\u00f6nnt und melden uns im Herbst mit den ersten Aktivit\u00e4ten zur\u00fcck.<\/p>\n<p>Euer Vorstand<\/p>\n<p>&nbsp;<\/p>\n<figure id=\"attachment_225\" aria-describedby=\"caption-attachment-225\" style=\"width: 550px\" class=\"wp-caption alignnone\"><a href=\"https:\/\/alumni.lerbermatt.ch\/wp-content\/uploads\/2014\/07\/Maturfeier-017.jpg\"><img loading=\"lazy\" decoding=\"async\" class=\"size-large wp-image-225\" src=\"https:\/\/alumni.lerbermatt.ch\/wp-content\/uploads\/2014\/07\/Maturfeier-017-768x1024.jpg\" alt=\"Dr. Gabriele Leuenberger, Stufenleiterin des diesj\u00e4hrigen Abschlussjahrgangs\" width=\"550\" height=\"733\" srcset=\"https:\/\/alumni.lerbermatt.ch\/wp-content\/uploads\/2014\/07\/Maturfeier-017-768x1024.jpg 768w, https:\/\/alumni.lerbermatt.ch\/wp-content\/uploads\/2014\/07\/Maturfeier-017-225x300.jpg 225w, https:\/\/alumni.lerbermatt.ch\/wp-content\/uploads\/2014\/07\/Maturfeier-017-100x133.jpg 100w, https:\/\/alumni.lerbermatt.ch\/wp-content\/uploads\/2014\/07\/Maturfeier-017-150x200.jpg 150w, https:\/\/alumni.lerbermatt.ch\/wp-content\/uploads\/2014\/07\/Maturfeier-017-200x266.jpg 200w, https:\/\/alumni.lerbermatt.ch\/wp-content\/uploads\/2014\/07\/Maturfeier-017-300x400.jpg 300w, https:\/\/alumni.lerbermatt.ch\/wp-content\/uploads\/2014\/07\/Maturfeier-017-450x600.jpg 450w, https:\/\/alumni.lerbermatt.ch\/wp-content\/uploads\/2014\/07\/Maturfeier-017-600x800.jpg 600w, https:\/\/alumni.lerbermatt.ch\/wp-content\/uploads\/2014\/07\/Maturfeier-017-900x1200.jpg 900w\" sizes=\"(max-width: 550px) 100vw, 550px\" \/><\/a><figcaption id=\"caption-attachment-225\" class=\"wp-caption-text\">Dr. Gabriele Leuenberger, Stufenleiterin des diesj\u00e4hrigen Abschlussjahrgangs<\/figcaption><\/figure>\n<p><a href=\"https:\/\/alumni.lerbermatt.ch\/wp-content\/uploads\/2014\/07\/Maturfeier-007.jpg\"><img loading=\"lazy\" decoding=\"async\" class=\"alignnone size-large wp-image-223\" src=\"https:\/\/alumni.lerbermatt.ch\/wp-content\/uploads\/2014\/07\/Maturfeier-007-768x1024.jpg\" alt=\"Maturfeier 007\" width=\"550\" height=\"733\" srcset=\"https:\/\/alumni.lerbermatt.ch\/wp-content\/uploads\/2014\/07\/Maturfeier-007-768x1024.jpg 768w, https:\/\/alumni.lerbermatt.ch\/wp-content\/uploads\/2014\/07\/Maturfeier-007-225x300.jpg 225w, https:\/\/alumni.lerbermatt.ch\/wp-content\/uploads\/2014\/07\/Maturfeier-007-100x133.jpg 100w, https:\/\/alumni.lerbermatt.ch\/wp-content\/uploads\/2014\/07\/Maturfeier-007-150x200.jpg 150w, https:\/\/alumni.lerbermatt.ch\/wp-content\/uploads\/2014\/07\/Maturfeier-007-200x266.jpg 200w, https:\/\/alumni.lerbermatt.ch\/wp-content\/uploads\/2014\/07\/Maturfeier-007-300x400.jpg 300w, https:\/\/alumni.lerbermatt.ch\/wp-content\/uploads\/2014\/07\/Maturfeier-007-450x600.jpg 450w, https:\/\/alumni.lerbermatt.ch\/wp-content\/uploads\/2014\/07\/Maturfeier-007-600x800.jpg 600w, https:\/\/alumni.lerbermatt.ch\/wp-content\/uploads\/2014\/07\/Maturfeier-007-900x1200.jpg 900w\" sizes=\"(max-width: 550px) 100vw, 550px\" \/><\/a><\/p>\n<figure id=\"attachment_222\" aria-describedby=\"caption-attachment-222\" style=\"width: 550px\" class=\"wp-caption alignnone\"><a href=\"https:\/\/alumni.lerbermatt.ch\/wp-content\/uploads\/2014\/07\/Maturfeier-002.jpg\"><img loading=\"lazy\" decoding=\"async\" class=\"size-large wp-image-222\" src=\"https:\/\/alumni.lerbermatt.ch\/wp-content\/uploads\/2014\/07\/Maturfeier-002-1024x768.jpg\" alt=\"Ein musikalischer Beitrag von Bernhard L\u00fcscher\" width=\"550\" height=\"412\" srcset=\"https:\/\/alumni.lerbermatt.ch\/wp-content\/uploads\/2014\/07\/Maturfeier-002-1024x768.jpg 1024w, https:\/\/alumni.lerbermatt.ch\/wp-content\/uploads\/2014\/07\/Maturfeier-002-300x225.jpg 300w, https:\/\/alumni.lerbermatt.ch\/wp-content\/uploads\/2014\/07\/Maturfeier-002-100x75.jpg 100w, https:\/\/alumni.lerbermatt.ch\/wp-content\/uploads\/2014\/07\/Maturfeier-002-150x112.jpg 150w, https:\/\/alumni.lerbermatt.ch\/wp-content\/uploads\/2014\/07\/Maturfeier-002-200x150.jpg 200w, https:\/\/alumni.lerbermatt.ch\/wp-content\/uploads\/2014\/07\/Maturfeier-002-450x337.jpg 450w, https:\/\/alumni.lerbermatt.ch\/wp-content\/uploads\/2014\/07\/Maturfeier-002-600x450.jpg 600w, https:\/\/alumni.lerbermatt.ch\/wp-content\/uploads\/2014\/07\/Maturfeier-002-900x675.jpg 900w\" sizes=\"(max-width: 550px) 100vw, 550px\" \/><\/a><figcaption id=\"caption-attachment-222\" class=\"wp-caption-text\">Ein musikalischer Beitrag von Bernhard L\u00fcscher<\/figcaption><\/figure>\n<p><img loading=\"lazy\" decoding=\"async\" class=\"alignnone size-large wp-image-224\" src=\"https:\/\/alumni.lerbermatt.ch\/wp-content\/uploads\/2014\/07\/Maturfeier-009-1024x768.jpg\" alt=\"Maturfeier 009\" width=\"550\" height=\"412\" srcset=\"https:\/\/alumni.lerbermatt.ch\/wp-content\/uploads\/2014\/07\/Maturfeier-009-1024x768.jpg 1024w, https:\/\/alumni.lerbermatt.ch\/wp-content\/uploads\/2014\/07\/Maturfeier-009-300x225.jpg 300w, https:\/\/alumni.lerbermatt.ch\/wp-content\/uploads\/2014\/07\/Maturfeier-009-100x75.jpg 100w, https:\/\/alumni.lerbermatt.ch\/wp-content\/uploads\/2014\/07\/Maturfeier-009-150x112.jpg 150w, https:\/\/alumni.lerbermatt.ch\/wp-content\/uploads\/2014\/07\/Maturfeier-009-200x150.jpg 200w, https:\/\/alumni.lerbermatt.ch\/wp-content\/uploads\/2014\/07\/Maturfeier-009-450x337.jpg 450w, https:\/\/alumni.lerbermatt.ch\/wp-content\/uploads\/2014\/07\/Maturfeier-009-600x450.jpg 600w, https:\/\/alumni.lerbermatt.ch\/wp-content\/uploads\/2014\/07\/Maturfeier-009-900x675.jpg 900w\" sizes=\"(max-width: 550px) 100vw, 550px\" \/><\/p>\n<figure id=\"attachment_221\" aria-describedby=\"caption-attachment-221\" style=\"width: 550px\" class=\"wp-caption alignnone\"><a href=\"https:\/\/alumni.lerbermatt.ch\/wp-content\/uploads\/2014\/07\/Maturfeier-024.jpg\"><img loading=\"lazy\" decoding=\"async\" class=\"size-large wp-image-221\" src=\"https:\/\/alumni.lerbermatt.ch\/wp-content\/uploads\/2014\/07\/Maturfeier-024-768x1024.jpg\" alt=\"Simon Mosimann \u00fcberzeugt die Zuh\u00f6rerinnen und Zuh\u00f6rer\" width=\"550\" height=\"733\" srcset=\"https:\/\/alumni.lerbermatt.ch\/wp-content\/uploads\/2014\/07\/Maturfeier-024-768x1024.jpg 768w, https:\/\/alumni.lerbermatt.ch\/wp-content\/uploads\/2014\/07\/Maturfeier-024-225x300.jpg 225w, https:\/\/alumni.lerbermatt.ch\/wp-content\/uploads\/2014\/07\/Maturfeier-024-100x133.jpg 100w, https:\/\/alumni.lerbermatt.ch\/wp-content\/uploads\/2014\/07\/Maturfeier-024-150x200.jpg 150w, https:\/\/alumni.lerbermatt.ch\/wp-content\/uploads\/2014\/07\/Maturfeier-024-200x266.jpg 200w, https:\/\/alumni.lerbermatt.ch\/wp-content\/uploads\/2014\/07\/Maturfeier-024-300x400.jpg 300w, https:\/\/alumni.lerbermatt.ch\/wp-content\/uploads\/2014\/07\/Maturfeier-024-450x600.jpg 450w, https:\/\/alumni.lerbermatt.ch\/wp-content\/uploads\/2014\/07\/Maturfeier-024-600x800.jpg 600w, https:\/\/alumni.lerbermatt.ch\/wp-content\/uploads\/2014\/07\/Maturfeier-024-900x1200.jpg 900w\" sizes=\"(max-width: 550px) 100vw, 550px\" \/><\/a><figcaption id=\"caption-attachment-221\" class=\"wp-caption-text\">Simon Mosimann \u00fcberzeugt die Zuh\u00f6rerinnen und Zuh\u00f6rer<\/figcaption><\/figure>\n","protected":false},"excerpt":{"rendered":"<p>Alumni GKL gratuliert allen Maturandinnen und Maturanden ganz herzlich zum erworbenen Schl\u00fcssel zur akademischen Welt! Wir haben die Gelegenheit der Maturfeier beim Schopf gepackt, um uns unserem Zielpublikum und ihren Angeh\u00f6rigen zu pr\u00e4sentieren. Simon Mosimann hat mit seiner Pr\u00e4sentationen die Erwartungen \u00fcbertroffen. \u00dcber sechzig neue Mitglieder haben sich gleich auf Platz eingeschrieben. Damit ist mehr [&hellip;]<\/p>\n","protected":false},"author":2,"featured_media":0,"comment_status":"open","ping_status":"open","sticky":false,"template":"","format":"standard","meta":{"footnotes":""},"categories":[1],"tags":[],"_links":{"self":[{"href":"https:\/\/alumni.lerbermatt.ch\/index.php?rest_route=\/wp\/v2\/posts\/220"}],"collection":[{"href":"https:\/\/alumni.lerbermatt.ch\/index.php?rest_route=\/wp\/v2\/posts"}],"about":[{"href":"https:\/\/alumni.lerbermatt.ch\/index.php?rest_route=\/wp\/v2\/types\/post"}],"author":[{"embeddable":true,"href":"https:\/\/alumni.lerbermatt.ch\/index.php?rest_route=\/wp\/v2\/users\/2"}],"replies":[{"embeddable":true,"href":"https:\/\/alumni.lerbermatt.ch\/index.php?rest_route=%2Fwp%2Fv2%2Fcomments&post=220"}],"version-history":[{"count":6,"href":"https:\/\/alumni.lerbermatt.ch\/index.php?rest_route=\/wp\/v2\/posts\/220\/revisions"}],"predecessor-version":[{"id":231,"href":"https:\/\/alumni.lerbermatt.ch\/index.php?rest_route=\/wp\/v2\/posts\/220\/revisions\/231"}],"wp:attachment":[{"href":"https:\/\/alumni.lerbermatt.ch\/index.php?rest_route=%2Fwp%2Fv2%2Fmedia&parent=220"}],"wp:term":[{"taxonomy":"category","embeddable":true,"href":"https:\/\/alumni.lerbermatt.ch\/index.php?rest_route=%2Fwp%2Fv2%2Fcategories&post=220"},{"taxonomy":"post_tag","embeddable":true,"href":"https:\/\/alumni.lerbermatt.ch\/index.php?rest_route=%2Fwp%2Fv2%2Ftags&post=220"}],"curies":[{"name":"wp","href":"https:\/\/api.w.org\/{rel}","templated":true}]}}